{"id":3428,"date":"2026-01-26T09:00:00","date_gmt":"2026-01-26T07:00:00","guid":{"rendered":"https:\/\/raimat.paeria.cat\/web\/?p=3428"},"modified":"2026-01-23T21:50:55","modified_gmt":"2026-01-23T19:50:55","slug":"avanc-del-poum","status":"publish","type":"post","link":"https:\/\/raimat.paeria.cat\/web\/avanc-del-poum\/","title":{"rendered":"Avan\u00e7 del POUM"},"content":{"rendered":"\n<p>\u00c0rea d&#8217;Urbanisme i Ajuntament de Lleida<\/p>\n\n\n\n<p>A efectes d&#8217;afavorir la participaci\u00f3 directa de la ciutadania ja sigui en la presentaci\u00f3, en temps i forma, de propostes de suggeriments, al\u00b7legacions o esmenes en els per\u00edodes d&#8217;informaci\u00f3 p\u00fablica, l&#8217;Ajuntament de Lleida i l&#8217;EMD de Raimat, posem a disposici\u00f3 de la ciutadania per a la consulta dels pl\u00e0nols i de la documentaci\u00f3 de l&#8217;avan\u00e7 del Pla d&#8217;Ordenaci\u00f3 Urban\u00edstica Municipal.<\/p>\n\n\n\n<p>La consulta dels pl\u00e0nols, de la documentaci\u00f3 diversa i la resoluci\u00f3 de consultes ser\u00e0 al Sal\u00f3 de Plens de l&#8217;EMD de Raimat en horari d&#8217;atenci\u00f3 al p\u00fablic de l&#8217;oficina de l&#8217;Ajuntament de Lleida al Centre C\u00edvic de Raimat (de dilluns a divendres de 10:00h a 13:00h).<\/p>\n\n\n\n<p>A m\u00e9s a m\u00e9s, es disposa de l&#8217;Oficina T\u00e8cnica del POUM:<\/p>\n\n\n\n<ul class=\"wp-block-list\">\n<li>Presencialment a la 5a planta de l&#8217;edifici Pal\u00b7las (pla\u00e7a de la Paeria, 11)<\/li>\n\n\n\n<li>Al tel\u00e8fon 973 700 400<\/li>\n\n\n\n<li>Per correu electr\u00f2nic: poumlleida2025@paeria.cat<\/li>\n\n\n\n<li>Al web:\u00a0<a href=\"https:\/\/www.paeria.cat\/ca\/serveis\/poum-lleida-2025\/documentacio\">https:\/\/www.paeria.cat\/ca\/serveis\/poum-lleida-2025\/documentacio<\/a><\/li>\n<\/ul>\n\n\n\n<p><\/p>\n","protected":false},"excerpt":{"rendered":"<p>\u00c0rea d&#8217;Urbanisme i Ajuntament de Lleida A efectes d&#8217;afavorir la participaci\u00f3 directa de la ciutadania ja sigui en la presentaci\u00f3, en temps i forma, de propostes de suggeriments, al\u00b7legacions o esmenes en els per\u00edodes d&#8217;informaci\u00f3 p\u00fablica, l&#8217;Ajuntament de Lleida i l&#8217;EMD de Raimat, posem a disposici\u00f3 de la ciutadania per a la consulta dels pl\u00e0nols &#8230; <a title=\"Avan\u00e7 del POUM\" class=\"read-more\" href=\"https:\/\/raimat.paeria.cat\/web\/avanc-del-poum\/\" aria-label=\"M\u00e9s informaci\u00f3 sobre Avan\u00e7 del POUM\">Llegiu m\u00e9s<\/a><\/p>\n","protected":false},"author":11,"featured_media":0,"comment_status":"closed","ping_status":"closed","sticky":false,"template":"","format":"standard","meta":{"footnotes":""},"categories":[5],"tags":[],"class_list":["post-3428","post","type-post","status-publish","format-standard","hentry","category-noticia"],"yoast_head":"<!-- This site is optimized with the Yoast SEO plugin v27.5 - https:\/\/yoast.com\/product\/yoast-seo-wordpress\/ -->\n<title>Avan\u00e7 del POUM - Entitat Municipal Descentralitzada de Raimat - La Paeria - Ajuntament Lleida<\/title>\n<meta name=\"robots\" content=\"index, follow, max-snippet:-1, max-image-preview:large, max-video-preview:-1\" \/>\n<link rel=\"canonical\" href=\"https:\/\/raimat.paeria.cat\/web\/avanc-del-poum\/\" \/>\n<meta property=\"og:locale\" content=\"ca_ES\" \/>\n<meta property=\"og:type\" content=\"article\" \/>\n<meta property=\"og:title\" content=\"Avan\u00e7 del POUM - Entitat Municipal Descentralitzada de Raimat - La Paeria - Ajuntament Lleida\" \/>\n<meta property=\"og:description\" content=\"\u00c0rea d&#8217;Urbanisme i Ajuntament de Lleida A efectes d&#8217;afavorir la participaci\u00f3 directa de la ciutadania ja sigui en la presentaci\u00f3, en temps i forma, de propostes de suggeriments, al\u00b7legacions o esmenes en els per\u00edodes d&#8217;informaci\u00f3 p\u00fablica, l&#8217;Ajuntament de Lleida i l&#8217;EMD de Raimat, posem a disposici\u00f3 de la ciutadania per a la consulta dels pl\u00e0nols ... Llegiu m\u00e9s\" \/>\n<meta property=\"og:url\" content=\"https:\/\/raimat.paeria.cat\/web\/avanc-del-poum\/\" \/>\n<meta property=\"og:site_name\" content=\"Entitat Municipal Descentralitzada de Raimat - La Paeria - Ajuntament Lleida\" \/>\n<meta property=\"article:published_time\" content=\"2026-01-26T07:00:00+00:00\" \/>\n<meta name=\"author\" content=\"Ivan Fern\u00e0ndez\" \/>\n<meta name=\"twitter:card\" content=\"summary_large_image\" \/>\n<meta name=\"twitter:label1\" content=\"Escrit per\" \/>\n\t<meta name=\"twitter:data1\" content=\"Ivan Fern\u00e0ndez\" \/>\n\t<meta name=\"twitter:label2\" content=\"Temps estimat de lectura\" \/>\n\t<meta name=\"twitter:data2\" content=\"1 minut\" \/>\n<script type=\"application\/ld+json\" class=\"yoast-schema-graph\">{\"@context\":\"https:\\\/\\\/schema.org\",\"@graph\":[{\"@type\":\"Article\",\"@id\":\"https:\\\/\\\/raimat.paeria.cat\\\/web\\\/avanc-del-poum\\\/#article\",\"isPartOf\":{\"@id\":\"https:\\\/\\\/raimat.paeria.cat\\\/web\\\/avanc-del-poum\\\/\"},\"author\":{\"name\":\"Ivan Fern\u00e0ndez\",\"@id\":\"https:\\\/\\\/raimat.paeria.cat\\\/web\\\/#\\\/schema\\\/person\\\/436cb0033edeed67ebda7935d7e6e6af\"},\"headline\":\"Avan\u00e7 del POUM\",\"datePublished\":\"2026-01-26T07:00:00+00:00\",\"mainEntityOfPage\":{\"@id\":\"https:\\\/\\\/raimat.paeria.cat\\\/web\\\/avanc-del-poum\\\/\"},\"wordCount\":184,\"publisher\":{\"@id\":\"https:\\\/\\\/raimat.paeria.cat\\\/web\\\/#organization\"},\"articleSection\":[\"not\u00edcia\"],\"inLanguage\":\"ca\"},{\"@type\":\"WebPage\",\"@id\":\"https:\\\/\\\/raimat.paeria.cat\\\/web\\\/avanc-del-poum\\\/\",\"url\":\"https:\\\/\\\/raimat.paeria.cat\\\/web\\\/avanc-del-poum\\\/\",\"name\":\"Avan\u00e7 del POUM - Entitat Municipal Descentralitzada de Raimat - La Paeria - Ajuntament Lleida\",\"isPartOf\":{\"@id\":\"https:\\\/\\\/raimat.paeria.cat\\\/web\\\/#website\"},\"datePublished\":\"2026-01-26T07:00:00+00:00\",\"breadcrumb\":{\"@id\":\"https:\\\/\\\/raimat.paeria.cat\\\/web\\\/avanc-del-poum\\\/#breadcrumb\"},\"inLanguage\":\"ca\",\"potentialAction\":[{\"@type\":\"ReadAction\",\"target\":[\"https:\\\/\\\/raimat.paeria.cat\\\/web\\\/avanc-del-poum\\\/\"]}]},{\"@type\":\"BreadcrumbList\",\"@id\":\"https:\\\/\\\/raimat.paeria.cat\\\/web\\\/avanc-del-poum\\\/#breadcrumb\",\"itemListElement\":[{\"@type\":\"ListItem\",\"position\":1,\"name\":\"Inici\",\"item\":\"https:\\\/\\\/raimat.paeria.cat\\\/web\\\/\"},{\"@type\":\"ListItem\",\"position\":2,\"name\":\"Avan\u00e7 del POUM\"}]},{\"@type\":\"WebSite\",\"@id\":\"https:\\\/\\\/raimat.paeria.cat\\\/web\\\/#website\",\"url\":\"https:\\\/\\\/raimat.paeria.cat\\\/web\\\/\",\"name\":\"Entitat Municipal Descentralitzada de Raimat - La Paeria - Ajuntament Lleida\",\"description\":\"Entitat Municipal Descentralitzada de Raimat\",\"publisher\":{\"@id\":\"https:\\\/\\\/raimat.paeria.cat\\\/web\\\/#organization\"},\"potentialAction\":[{\"@type\":\"SearchAction\",\"target\":{\"@type\":\"EntryPoint\",\"urlTemplate\":\"https:\\\/\\\/raimat.paeria.cat\\\/web\\\/?s={search_term_string}\"},\"query-input\":{\"@type\":\"PropertyValueSpecification\",\"valueRequired\":true,\"valueName\":\"search_term_string\"}}],\"inLanguage\":\"ca\"},{\"@type\":\"Organization\",\"@id\":\"https:\\\/\\\/raimat.paeria.cat\\\/web\\\/#organization\",\"name\":\"Ajuntament de Lleida\",\"url\":\"https:\\\/\\\/raimat.paeria.cat\\\/web\\\/\",\"logo\":{\"@type\":\"ImageObject\",\"inLanguage\":\"ca\",\"@id\":\"https:\\\/\\\/raimat.paeria.cat\\\/web\\\/#\\\/schema\\\/logo\\\/image\\\/\",\"url\":\"https:\\\/\\\/raimat.paeria.cat\\\/web\\\/wp-content\\\/uploads\\\/2020\\\/06\\\/capcalera-raimat-escut-logo-paeria.png\",\"contentUrl\":\"https:\\\/\\\/raimat.paeria.cat\\\/web\\\/wp-content\\\/uploads\\\/2020\\\/06\\\/capcalera-raimat-escut-logo-paeria.png\",\"width\":1100,\"height\":221,\"caption\":\"Ajuntament de Lleida\"},\"image\":{\"@id\":\"https:\\\/\\\/raimat.paeria.cat\\\/web\\\/#\\\/schema\\\/logo\\\/image\\\/\"}},{\"@type\":\"Person\",\"@id\":\"https:\\\/\\\/raimat.paeria.cat\\\/web\\\/#\\\/schema\\\/person\\\/436cb0033edeed67ebda7935d7e6e6af\",\"name\":\"Ivan Fern\u00e0ndez\",\"image\":{\"@type\":\"ImageObject\",\"inLanguage\":\"ca\",\"@id\":\"https:\\\/\\\/secure.gravatar.com\\\/avatar\\\/f8016286519d26ac2ed7b7b03c4315bc3e342e37ae341328a35d43a06c531c72?s=96&d=mm&r=g\",\"url\":\"https:\\\/\\\/secure.gravatar.com\\\/avatar\\\/f8016286519d26ac2ed7b7b03c4315bc3e342e37ae341328a35d43a06c531c72?s=96&d=mm&r=g\",\"contentUrl\":\"https:\\\/\\\/secure.gravatar.com\\\/avatar\\\/f8016286519d26ac2ed7b7b03c4315bc3e342e37ae341328a35d43a06c531c72?s=96&d=mm&r=g\",\"caption\":\"Ivan Fern\u00e0ndez\"}}]}<\/script>\n<!-- \/ Yoast SEO plugin. -->","yoast_head_json":{"title":"Avan\u00e7 del POUM - Entitat Municipal Descentralitzada de Raimat - La Paeria - Ajuntament Lleida","robots":{"index":"index","follow":"follow","max-snippet":"max-snippet:-1","max-image-preview":"max-image-preview:large","max-video-preview":"max-video-preview:-1"},"canonical":"https:\/\/raimat.paeria.cat\/web\/avanc-del-poum\/","og_locale":"ca_ES","og_type":"article","og_title":"Avan\u00e7 del POUM - Entitat Municipal Descentralitzada de Raimat - La Paeria - Ajuntament Lleida","og_description":"\u00c0rea d&#8217;Urbanisme i Ajuntament de Lleida A efectes d&#8217;afavorir la participaci\u00f3 directa de la ciutadania ja sigui en la presentaci\u00f3, en temps i forma, de propostes de suggeriments, al\u00b7legacions o esmenes en els per\u00edodes d&#8217;informaci\u00f3 p\u00fablica, l&#8217;Ajuntament de Lleida i l&#8217;EMD de Raimat, posem a disposici\u00f3 de la ciutadania per a la consulta dels pl\u00e0nols ... Llegiu m\u00e9s","og_url":"https:\/\/raimat.paeria.cat\/web\/avanc-del-poum\/","og_site_name":"Entitat Municipal Descentralitzada de Raimat - La Paeria - Ajuntament Lleida","article_published_time":"2026-01-26T07:00:00+00:00","author":"Ivan Fern\u00e0ndez","twitter_card":"summary_large_image","twitter_misc":{"Escrit per":"Ivan Fern\u00e0ndez","Temps estimat de lectura":"1 minut"},"schema":{"@context":"https:\/\/schema.org","@graph":[{"@type":"Article","@id":"https:\/\/raimat.paeria.cat\/web\/avanc-del-poum\/#article","isPartOf":{"@id":"https:\/\/raimat.paeria.cat\/web\/avanc-del-poum\/"},"author":{"name":"Ivan Fern\u00e0ndez","@id":"https:\/\/raimat.paeria.cat\/web\/#\/schema\/person\/436cb0033edeed67ebda7935d7e6e6af"},"headline":"Avan\u00e7 del POUM","datePublished":"2026-01-26T07:00:00+00:00","mainEntityOfPage":{"@id":"https:\/\/raimat.paeria.cat\/web\/avanc-del-poum\/"},"wordCount":184,"publisher":{"@id":"https:\/\/raimat.paeria.cat\/web\/#organization"},"articleSection":["not\u00edcia"],"inLanguage":"ca"},{"@type":"WebPage","@id":"https:\/\/raimat.paeria.cat\/web\/avanc-del-poum\/","url":"https:\/\/raimat.paeria.cat\/web\/avanc-del-poum\/","name":"Avan\u00e7 del POUM - Entitat Municipal Descentralitzada de Raimat - La Paeria - Ajuntament Lleida","isPartOf":{"@id":"https:\/\/raimat.paeria.cat\/web\/#website"},"datePublished":"2026-01-26T07:00:00+00:00","breadcrumb":{"@id":"https:\/\/raimat.paeria.cat\/web\/avanc-del-poum\/#breadcrumb"},"inLanguage":"ca","potentialAction":[{"@type":"ReadAction","target":["https:\/\/raimat.paeria.cat\/web\/avanc-del-poum\/"]}]},{"@type":"BreadcrumbList","@id":"https:\/\/raimat.paeria.cat\/web\/avanc-del-poum\/#breadcrumb","itemListElement":[{"@type":"ListItem","position":1,"name":"Inici","item":"https:\/\/raimat.paeria.cat\/web\/"},{"@type":"ListItem","position":2,"name":"Avan\u00e7 del POUM"}]},{"@type":"WebSite","@id":"https:\/\/raimat.paeria.cat\/web\/#website","url":"https:\/\/raimat.paeria.cat\/web\/","name":"Entitat Municipal Descentralitzada de Raimat - La Paeria - Ajuntament Lleida","description":"Entitat Municipal Descentralitzada de Raimat","publisher":{"@id":"https:\/\/raimat.paeria.cat\/web\/#organization"},"potentialAction":[{"@type":"SearchAction","target":{"@type":"EntryPoint","urlTemplate":"https:\/\/raimat.paeria.cat\/web\/?s={search_term_string}"},"query-input":{"@type":"PropertyValueSpecification","valueRequired":true,"valueName":"search_term_string"}}],"inLanguage":"ca"},{"@type":"Organization","@id":"https:\/\/raimat.paeria.cat\/web\/#organization","name":"Ajuntament de Lleida","url":"https:\/\/raimat.paeria.cat\/web\/","logo":{"@type":"ImageObject","inLanguage":"ca","@id":"https:\/\/raimat.paeria.cat\/web\/#\/schema\/logo\/image\/","url":"https:\/\/raimat.paeria.cat\/web\/wp-content\/uploads\/2020\/06\/capcalera-raimat-escut-logo-paeria.png","contentUrl":"https:\/\/raimat.paeria.cat\/web\/wp-content\/uploads\/2020\/06\/capcalera-raimat-escut-logo-paeria.png","width":1100,"height":221,"caption":"Ajuntament de Lleida"},"image":{"@id":"https:\/\/raimat.paeria.cat\/web\/#\/schema\/logo\/image\/"}},{"@type":"Person","@id":"https:\/\/raimat.paeria.cat\/web\/#\/schema\/person\/436cb0033edeed67ebda7935d7e6e6af","name":"Ivan Fern\u00e0ndez","image":{"@type":"ImageObject","inLanguage":"ca","@id":"https:\/\/secure.gravatar.com\/avatar\/f8016286519d26ac2ed7b7b03c4315bc3e342e37ae341328a35d43a06c531c72?s=96&d=mm&r=g","url":"https:\/\/secure.gravatar.com\/avatar\/f8016286519d26ac2ed7b7b03c4315bc3e342e37ae341328a35d43a06c531c72?s=96&d=mm&r=g","contentUrl":"https:\/\/secure.gravatar.com\/avatar\/f8016286519d26ac2ed7b7b03c4315bc3e342e37ae341328a35d43a06c531c72?s=96&d=mm&r=g","caption":"Ivan Fern\u00e0ndez"}}]}},"_links":{"self":[{"href":"https:\/\/raimat.paeria.cat\/web\/wp-json\/wp\/v2\/posts\/3428","targetHints":{"allow":["GET"]}}],"collection":[{"href":"https:\/\/raimat.paeria.cat\/web\/wp-json\/wp\/v2\/posts"}],"about":[{"href":"https:\/\/raimat.paeria.cat\/web\/wp-json\/wp\/v2\/types\/post"}],"author":[{"embeddable":true,"href":"https:\/\/raimat.paeria.cat\/web\/wp-json\/wp\/v2\/users\/11"}],"replies":[{"embeddable":true,"href":"https:\/\/raimat.paeria.cat\/web\/wp-json\/wp\/v2\/comments?post=3428"}],"version-history":[{"count":1,"href":"https:\/\/raimat.paeria.cat\/web\/wp-json\/wp\/v2\/posts\/3428\/revisions"}],"predecessor-version":[{"id":3430,"href":"https:\/\/raimat.paeria.cat\/web\/wp-json\/wp\/v2\/posts\/3428\/revisions\/3430"}],"wp:attachment":[{"href":"https:\/\/raimat.paeria.cat\/web\/wp-json\/wp\/v2\/media?parent=3428"}],"wp:term":[{"taxonomy":"category","embeddable":true,"href":"https:\/\/raimat.paeria.cat\/web\/wp-json\/wp\/v2\/categories?post=3428"},{"taxonomy":"post_tag","embeddable":true,"href":"https:\/\/raimat.paeria.cat\/web\/wp-json\/wp\/v2\/tags?post=3428"}],"curies":[{"name":"wp","href":"https:\/\/api.w.org\/{rel}","templated":true}]}}