{"id":3423,"date":"2026-01-22T20:23:50","date_gmt":"2026-01-22T18:23:50","guid":{"rendered":"https:\/\/raimat.paeria.cat\/web\/?p=3423"},"modified":"2026-01-23T20:27:44","modified_gmt":"2026-01-23T18:27:44","slug":"contractacio-publica-bar-restaurant-piscines-municipals","status":"publish","type":"post","link":"https:\/\/raimat.paeria.cat\/web\/contractacio-publica-bar-restaurant-piscines-municipals\/","title":{"rendered":"Contractaci\u00f3 p\u00fablica: bar-restaurant Piscines Municipals"},"content":{"rendered":"\n<p><em>Alcaldia-Comunicaci\u00f3<\/em><\/p>\n\n\n\n<p>\ud83d\udce2 <strong>Nova licitaci\u00f3 p\u00fablica a Raimat<\/strong><\/p>\n\n\n\n<p>L\u2019EMD de Raimat ha obert la <strong>licitaci\u00f3 per a la concessi\u00f3 del bar-restaurant del Parc de les Piscines Municipals<\/strong>.<\/p>\n\n\n\n<p>El projecte no nom\u00e9s preveu la gesti\u00f3 del servei de restauraci\u00f3 dins el complex esportiu, sin\u00f3 que incorpora un <strong>important component social<\/strong>:<br>\ud83d\udd39 la possibilitat de prestar un <strong>servei de menjador social<\/strong> destinat a persones i fam\u00edlies en situaci\u00f3 de vulnerabilitat i a persones grans amb dificultats d\u2019autonomia.<\/p>\n\n\n\n<p>\ud83d\udccc La <strong>presentaci\u00f3 d\u2019un projecte de menjador social ser\u00e0 un factor determinant en la puntuaci\u00f3 de la licitaci\u00f3<\/strong>, refor\u00e7ant el comprom\u00eds municipal amb la cohesi\u00f3 i el benestar social.<\/p>\n\n\n\n<p>Amb aquesta iniciativa, l\u2019EMD aposta per un model de gesti\u00f3 que combina <strong>servei p\u00fablic, qualitat i responsabilitat social<\/strong>.<\/p>\n\n\n\n<p>#Raimat #Licitaci\u00f3P\u00fablica #ServeiP\u00fablic #MenjadorSocial #Comprom\u00edsSocial #PiscinesMunicipals<\/p>\n\n\n\n<p>Els plecs t\u00e8cnics aix\u00ed com la resta de documentaci\u00f3 la teniu al seg\u00fcent enlla\u00e7:&nbsp; <a href=\"https:\/\/contractaciopublica.cat\/ca\/detall-publicacio\/300660882\">https:\/\/contractaciopublica.cat\/ca\/detall-publicacio\/300660882<\/a><\/p>\n\n\n\n<p><\/p>\n","protected":false},"excerpt":{"rendered":"<p>Alcaldia-Comunicaci\u00f3 \ud83d\udce2 Nova licitaci\u00f3 p\u00fablica a Raimat L\u2019EMD de Raimat ha obert la licitaci\u00f3 per a la concessi\u00f3 del bar-restaurant del Parc de les Piscines Municipals. El projecte no nom\u00e9s preveu la gesti\u00f3 del servei de restauraci\u00f3 dins el complex esportiu, sin\u00f3 que incorpora un important component social:\ud83d\udd39 la possibilitat de prestar un servei de &#8230; <a title=\"Contractaci\u00f3 p\u00fablica: bar-restaurant Piscines Municipals\" class=\"read-more\" href=\"https:\/\/raimat.paeria.cat\/web\/contractacio-publica-bar-restaurant-piscines-municipals\/\" aria-label=\"M\u00e9s informaci\u00f3 sobre Contractaci\u00f3 p\u00fablica: bar-restaurant Piscines Municipals\">Llegiu m\u00e9s<\/a><\/p>\n","protected":false},"author":11,"featured_media":0,"comment_status":"closed","ping_status":"closed","sticky":false,"template":"","format":"standard","meta":{"footnotes":""},"categories":[5],"tags":[],"class_list":["post-3423","post","type-post","status-publish","format-standard","hentry","category-noticia"],"yoast_head":"<!-- This site is optimized with the Yoast SEO plugin v27.5 - https:\/\/yoast.com\/product\/yoast-seo-wordpress\/ -->\n<title>Contractaci\u00f3 p\u00fablica: bar-restaurant Piscines Municipals - Entitat Municipal Descentralitzada de Raimat - La Paeria - Ajuntament Lleida<\/title>\n<meta name=\"robots\" content=\"index, follow, max-snippet:-1, max-image-preview:large, max-video-preview:-1\" \/>\n<link rel=\"canonical\" href=\"https:\/\/raimat.paeria.cat\/web\/contractacio-publica-bar-restaurant-piscines-municipals\/\" \/>\n<meta property=\"og:locale\" content=\"ca_ES\" \/>\n<meta property=\"og:type\" content=\"article\" \/>\n<meta property=\"og:title\" content=\"Contractaci\u00f3 p\u00fablica: bar-restaurant Piscines Municipals - Entitat Municipal Descentralitzada de Raimat - La Paeria - Ajuntament Lleida\" \/>\n<meta property=\"og:description\" content=\"Alcaldia-Comunicaci\u00f3 \ud83d\udce2 Nova licitaci\u00f3 p\u00fablica a Raimat L\u2019EMD de Raimat ha obert la licitaci\u00f3 per a la concessi\u00f3 del bar-restaurant del Parc de les Piscines Municipals. El projecte no nom\u00e9s preveu la gesti\u00f3 del servei de restauraci\u00f3 dins el complex esportiu, sin\u00f3 que incorpora un important component social:\ud83d\udd39 la possibilitat de prestar un servei de ... Llegiu m\u00e9s\" \/>\n<meta property=\"og:url\" content=\"https:\/\/raimat.paeria.cat\/web\/contractacio-publica-bar-restaurant-piscines-municipals\/\" \/>\n<meta property=\"og:site_name\" content=\"Entitat Municipal Descentralitzada de Raimat - La Paeria - Ajuntament Lleida\" \/>\n<meta property=\"article:published_time\" content=\"2026-01-22T18:23:50+00:00\" \/>\n<meta property=\"article:modified_time\" content=\"2026-01-23T18:27:44+00:00\" \/>\n<meta name=\"author\" content=\"Ivan Fern\u00e0ndez\" \/>\n<meta name=\"twitter:card\" content=\"summary_large_image\" \/>\n<meta name=\"twitter:label1\" content=\"Escrit per\" \/>\n\t<meta name=\"twitter:data1\" content=\"Ivan Fern\u00e0ndez\" \/>\n\t<meta name=\"twitter:label2\" content=\"Temps estimat de lectura\" \/>\n\t<meta name=\"twitter:data2\" content=\"1 minut\" \/>\n<script type=\"application\/ld+json\" class=\"yoast-schema-graph\">{\"@context\":\"https:\\\/\\\/schema.org\",\"@graph\":[{\"@type\":\"Article\",\"@id\":\"https:\\\/\\\/raimat.paeria.cat\\\/web\\\/contractacio-publica-bar-restaurant-piscines-municipals\\\/#article\",\"isPartOf\":{\"@id\":\"https:\\\/\\\/raimat.paeria.cat\\\/web\\\/contractacio-publica-bar-restaurant-piscines-municipals\\\/\"},\"author\":{\"name\":\"Ivan Fern\u00e0ndez\",\"@id\":\"https:\\\/\\\/raimat.paeria.cat\\\/web\\\/#\\\/schema\\\/person\\\/436cb0033edeed67ebda7935d7e6e6af\"},\"headline\":\"Contractaci\u00f3 p\u00fablica: bar-restaurant Piscines Municipals\",\"datePublished\":\"2026-01-22T18:23:50+00:00\",\"dateModified\":\"2026-01-23T18:27:44+00:00\",\"mainEntityOfPage\":{\"@id\":\"https:\\\/\\\/raimat.paeria.cat\\\/web\\\/contractacio-publica-bar-restaurant-piscines-municipals\\\/\"},\"wordCount\":166,\"publisher\":{\"@id\":\"https:\\\/\\\/raimat.paeria.cat\\\/web\\\/#organization\"},\"articleSection\":[\"not\u00edcia\"],\"inLanguage\":\"ca\"},{\"@type\":\"WebPage\",\"@id\":\"https:\\\/\\\/raimat.paeria.cat\\\/web\\\/contractacio-publica-bar-restaurant-piscines-municipals\\\/\",\"url\":\"https:\\\/\\\/raimat.paeria.cat\\\/web\\\/contractacio-publica-bar-restaurant-piscines-municipals\\\/\",\"name\":\"Contractaci\u00f3 p\u00fablica: bar-restaurant Piscines Municipals - Entitat Municipal Descentralitzada de Raimat - La Paeria - Ajuntament Lleida\",\"isPartOf\":{\"@id\":\"https:\\\/\\\/raimat.paeria.cat\\\/web\\\/#website\"},\"datePublished\":\"2026-01-22T18:23:50+00:00\",\"dateModified\":\"2026-01-23T18:27:44+00:00\",\"breadcrumb\":{\"@id\":\"https:\\\/\\\/raimat.paeria.cat\\\/web\\\/contractacio-publica-bar-restaurant-piscines-municipals\\\/#breadcrumb\"},\"inLanguage\":\"ca\",\"potentialAction\":[{\"@type\":\"ReadAction\",\"target\":[\"https:\\\/\\\/raimat.paeria.cat\\\/web\\\/contractacio-publica-bar-restaurant-piscines-municipals\\\/\"]}]},{\"@type\":\"BreadcrumbList\",\"@id\":\"https:\\\/\\\/raimat.paeria.cat\\\/web\\\/contractacio-publica-bar-restaurant-piscines-municipals\\\/#breadcrumb\",\"itemListElement\":[{\"@type\":\"ListItem\",\"position\":1,\"name\":\"Inici\",\"item\":\"https:\\\/\\\/raimat.paeria.cat\\\/web\\\/\"},{\"@type\":\"ListItem\",\"position\":2,\"name\":\"Contractaci\u00f3 p\u00fablica: bar-restaurant Piscines Municipals\"}]},{\"@type\":\"WebSite\",\"@id\":\"https:\\\/\\\/raimat.paeria.cat\\\/web\\\/#website\",\"url\":\"https:\\\/\\\/raimat.paeria.cat\\\/web\\\/\",\"name\":\"Entitat Municipal Descentralitzada de Raimat - La Paeria - Ajuntament Lleida\",\"description\":\"Entitat Municipal Descentralitzada de Raimat\",\"publisher\":{\"@id\":\"https:\\\/\\\/raimat.paeria.cat\\\/web\\\/#organization\"},\"potentialAction\":[{\"@type\":\"SearchAction\",\"target\":{\"@type\":\"EntryPoint\",\"urlTemplate\":\"https:\\\/\\\/raimat.paeria.cat\\\/web\\\/?s={search_term_string}\"},\"query-input\":{\"@type\":\"PropertyValueSpecification\",\"valueRequired\":true,\"valueName\":\"search_term_string\"}}],\"inLanguage\":\"ca\"},{\"@type\":\"Organization\",\"@id\":\"https:\\\/\\\/raimat.paeria.cat\\\/web\\\/#organization\",\"name\":\"Ajuntament de Lleida\",\"url\":\"https:\\\/\\\/raimat.paeria.cat\\\/web\\\/\",\"logo\":{\"@type\":\"ImageObject\",\"inLanguage\":\"ca\",\"@id\":\"https:\\\/\\\/raimat.paeria.cat\\\/web\\\/#\\\/schema\\\/logo\\\/image\\\/\",\"url\":\"https:\\\/\\\/raimat.paeria.cat\\\/web\\\/wp-content\\\/uploads\\\/2020\\\/06\\\/capcalera-raimat-escut-logo-paeria.png\",\"contentUrl\":\"https:\\\/\\\/raimat.paeria.cat\\\/web\\\/wp-content\\\/uploads\\\/2020\\\/06\\\/capcalera-raimat-escut-logo-paeria.png\",\"width\":1100,\"height\":221,\"caption\":\"Ajuntament de Lleida\"},\"image\":{\"@id\":\"https:\\\/\\\/raimat.paeria.cat\\\/web\\\/#\\\/schema\\\/logo\\\/image\\\/\"}},{\"@type\":\"Person\",\"@id\":\"https:\\\/\\\/raimat.paeria.cat\\\/web\\\/#\\\/schema\\\/person\\\/436cb0033edeed67ebda7935d7e6e6af\",\"name\":\"Ivan Fern\u00e0ndez\",\"image\":{\"@type\":\"ImageObject\",\"inLanguage\":\"ca\",\"@id\":\"https:\\\/\\\/secure.gravatar.com\\\/avatar\\\/f8016286519d26ac2ed7b7b03c4315bc3e342e37ae341328a35d43a06c531c72?s=96&d=mm&r=g\",\"url\":\"https:\\\/\\\/secure.gravatar.com\\\/avatar\\\/f8016286519d26ac2ed7b7b03c4315bc3e342e37ae341328a35d43a06c531c72?s=96&d=mm&r=g\",\"contentUrl\":\"https:\\\/\\\/secure.gravatar.com\\\/avatar\\\/f8016286519d26ac2ed7b7b03c4315bc3e342e37ae341328a35d43a06c531c72?s=96&d=mm&r=g\",\"caption\":\"Ivan Fern\u00e0ndez\"}}]}<\/script>\n<!-- \/ Yoast SEO plugin. -->","yoast_head_json":{"title":"Contractaci\u00f3 p\u00fablica: bar-restaurant Piscines Municipals - Entitat Municipal Descentralitzada de Raimat - La Paeria - Ajuntament Lleida","robots":{"index":"index","follow":"follow","max-snippet":"max-snippet:-1","max-image-preview":"max-image-preview:large","max-video-preview":"max-video-preview:-1"},"canonical":"https:\/\/raimat.paeria.cat\/web\/contractacio-publica-bar-restaurant-piscines-municipals\/","og_locale":"ca_ES","og_type":"article","og_title":"Contractaci\u00f3 p\u00fablica: bar-restaurant Piscines Municipals - Entitat Municipal Descentralitzada de Raimat - La Paeria - Ajuntament Lleida","og_description":"Alcaldia-Comunicaci\u00f3 \ud83d\udce2 Nova licitaci\u00f3 p\u00fablica a Raimat L\u2019EMD de Raimat ha obert la licitaci\u00f3 per a la concessi\u00f3 del bar-restaurant del Parc de les Piscines Municipals. El projecte no nom\u00e9s preveu la gesti\u00f3 del servei de restauraci\u00f3 dins el complex esportiu, sin\u00f3 que incorpora un important component social:\ud83d\udd39 la possibilitat de prestar un servei de ... Llegiu m\u00e9s","og_url":"https:\/\/raimat.paeria.cat\/web\/contractacio-publica-bar-restaurant-piscines-municipals\/","og_site_name":"Entitat Municipal Descentralitzada de Raimat - La Paeria - Ajuntament Lleida","article_published_time":"2026-01-22T18:23:50+00:00","article_modified_time":"2026-01-23T18:27:44+00:00","author":"Ivan Fern\u00e0ndez","twitter_card":"summary_large_image","twitter_misc":{"Escrit per":"Ivan Fern\u00e0ndez","Temps estimat de lectura":"1 minut"},"schema":{"@context":"https:\/\/schema.org","@graph":[{"@type":"Article","@id":"https:\/\/raimat.paeria.cat\/web\/contractacio-publica-bar-restaurant-piscines-municipals\/#article","isPartOf":{"@id":"https:\/\/raimat.paeria.cat\/web\/contractacio-publica-bar-restaurant-piscines-municipals\/"},"author":{"name":"Ivan Fern\u00e0ndez","@id":"https:\/\/raimat.paeria.cat\/web\/#\/schema\/person\/436cb0033edeed67ebda7935d7e6e6af"},"headline":"Contractaci\u00f3 p\u00fablica: bar-restaurant Piscines Municipals","datePublished":"2026-01-22T18:23:50+00:00","dateModified":"2026-01-23T18:27:44+00:00","mainEntityOfPage":{"@id":"https:\/\/raimat.paeria.cat\/web\/contractacio-publica-bar-restaurant-piscines-municipals\/"},"wordCount":166,"publisher":{"@id":"https:\/\/raimat.paeria.cat\/web\/#organization"},"articleSection":["not\u00edcia"],"inLanguage":"ca"},{"@type":"WebPage","@id":"https:\/\/raimat.paeria.cat\/web\/contractacio-publica-bar-restaurant-piscines-municipals\/","url":"https:\/\/raimat.paeria.cat\/web\/contractacio-publica-bar-restaurant-piscines-municipals\/","name":"Contractaci\u00f3 p\u00fablica: bar-restaurant Piscines Municipals - Entitat Municipal Descentralitzada de Raimat - La Paeria - Ajuntament Lleida","isPartOf":{"@id":"https:\/\/raimat.paeria.cat\/web\/#website"},"datePublished":"2026-01-22T18:23:50+00:00","dateModified":"2026-01-23T18:27:44+00:00","breadcrumb":{"@id":"https:\/\/raimat.paeria.cat\/web\/contractacio-publica-bar-restaurant-piscines-municipals\/#breadcrumb"},"inLanguage":"ca","potentialAction":[{"@type":"ReadAction","target":["https:\/\/raimat.paeria.cat\/web\/contractacio-publica-bar-restaurant-piscines-municipals\/"]}]},{"@type":"BreadcrumbList","@id":"https:\/\/raimat.paeria.cat\/web\/contractacio-publica-bar-restaurant-piscines-municipals\/#breadcrumb","itemListElement":[{"@type":"ListItem","position":1,"name":"Inici","item":"https:\/\/raimat.paeria.cat\/web\/"},{"@type":"ListItem","position":2,"name":"Contractaci\u00f3 p\u00fablica: bar-restaurant Piscines Municipals"}]},{"@type":"WebSite","@id":"https:\/\/raimat.paeria.cat\/web\/#website","url":"https:\/\/raimat.paeria.cat\/web\/","name":"Entitat Municipal Descentralitzada de Raimat - La Paeria - Ajuntament Lleida","description":"Entitat Municipal Descentralitzada de Raimat","publisher":{"@id":"https:\/\/raimat.paeria.cat\/web\/#organization"},"potentialAction":[{"@type":"SearchAction","target":{"@type":"EntryPoint","urlTemplate":"https:\/\/raimat.paeria.cat\/web\/?s={search_term_string}"},"query-input":{"@type":"PropertyValueSpecification","valueRequired":true,"valueName":"search_term_string"}}],"inLanguage":"ca"},{"@type":"Organization","@id":"https:\/\/raimat.paeria.cat\/web\/#organization","name":"Ajuntament de Lleida","url":"https:\/\/raimat.paeria.cat\/web\/","logo":{"@type":"ImageObject","inLanguage":"ca","@id":"https:\/\/raimat.paeria.cat\/web\/#\/schema\/logo\/image\/","url":"https:\/\/raimat.paeria.cat\/web\/wp-content\/uploads\/2020\/06\/capcalera-raimat-escut-logo-paeria.png","contentUrl":"https:\/\/raimat.paeria.cat\/web\/wp-content\/uploads\/2020\/06\/capcalera-raimat-escut-logo-paeria.png","width":1100,"height":221,"caption":"Ajuntament de Lleida"},"image":{"@id":"https:\/\/raimat.paeria.cat\/web\/#\/schema\/logo\/image\/"}},{"@type":"Person","@id":"https:\/\/raimat.paeria.cat\/web\/#\/schema\/person\/436cb0033edeed67ebda7935d7e6e6af","name":"Ivan Fern\u00e0ndez","image":{"@type":"ImageObject","inLanguage":"ca","@id":"https:\/\/secure.gravatar.com\/avatar\/f8016286519d26ac2ed7b7b03c4315bc3e342e37ae341328a35d43a06c531c72?s=96&d=mm&r=g","url":"https:\/\/secure.gravatar.com\/avatar\/f8016286519d26ac2ed7b7b03c4315bc3e342e37ae341328a35d43a06c531c72?s=96&d=mm&r=g","contentUrl":"https:\/\/secure.gravatar.com\/avatar\/f8016286519d26ac2ed7b7b03c4315bc3e342e37ae341328a35d43a06c531c72?s=96&d=mm&r=g","caption":"Ivan Fern\u00e0ndez"}}]}},"_links":{"self":[{"href":"https:\/\/raimat.paeria.cat\/web\/wp-json\/wp\/v2\/posts\/3423","targetHints":{"allow":["GET"]}}],"collection":[{"href":"https:\/\/raimat.paeria.cat\/web\/wp-json\/wp\/v2\/posts"}],"about":[{"href":"https:\/\/raimat.paeria.cat\/web\/wp-json\/wp\/v2\/types\/post"}],"author":[{"embeddable":true,"href":"https:\/\/raimat.paeria.cat\/web\/wp-json\/wp\/v2\/users\/11"}],"replies":[{"embeddable":true,"href":"https:\/\/raimat.paeria.cat\/web\/wp-json\/wp\/v2\/comments?post=3423"}],"version-history":[{"count":3,"href":"https:\/\/raimat.paeria.cat\/web\/wp-json\/wp\/v2\/posts\/3423\/revisions"}],"predecessor-version":[{"id":3427,"href":"https:\/\/raimat.paeria.cat\/web\/wp-json\/wp\/v2\/posts\/3423\/revisions\/3427"}],"wp:attachment":[{"href":"https:\/\/raimat.paeria.cat\/web\/wp-json\/wp\/v2\/media?parent=3423"}],"wp:term":[{"taxonomy":"category","embeddable":true,"href":"https:\/\/raimat.paeria.cat\/web\/wp-json\/wp\/v2\/categories?post=3423"},{"taxonomy":"post_tag","embeddable":true,"href":"https:\/\/raimat.paeria.cat\/web\/wp-json\/wp\/v2\/tags?post=3423"}],"curies":[{"name":"wp","href":"https:\/\/api.w.org\/{rel}","templated":true}]}}