{"id":3407,"date":"2025-12-05T09:00:00","date_gmt":"2025-12-05T07:00:00","guid":{"rendered":"https:\/\/raimat.paeria.cat\/web\/?p=3407"},"modified":"2025-12-09T15:56:32","modified_gmt":"2025-12-09T13:56:32","slug":"activitats-de-nadal-caca-el-tio-2","status":"publish","type":"post","link":"https:\/\/raimat.paeria.cat\/web\/activitats-de-nadal-caca-el-tio-2\/","title":{"rendered":"Activitats de Nadal: Ca\u00e7a el Ti\u00f3"},"content":{"rendered":"\n<p><em>\u00c0rea de Cultura, de Tradicions i de Participaci\u00f3 Ciutadana i Associaci\u00f3 Raiventura<\/em><\/p>\n\n\n\n<p>\ud835\udc02\ud835\udc00\u00c7\ud835\udc00 \ud835\udc04\ud835\udc0b \ud835\udc13\ud835\udc08\u00d3 \ud835\udc03\ud835\udc04 \ud835\udc0d\ud835\udc00\ud835\udc03\ud835\udc00\ud835\udc0b \ud83e\udeb5\ud83c\udf84\ud83c\udf42<\/p>\n\n\n\n<p>El pr\u00f2xim \u1d05\u026a\u1d1c\u1d0d\u1d07\u0274\u0262\u1d07, 14 \u1d05\u1d07 \u1d05\u1d07s\u1d07\u1d0d\u0299\u0280\u1d07 \u1d05\u1d07 2025 vine a \ud835\uddf0\ud835\uddee\u00e7\ud835\uddee\ud835\uddff \ud835\uddf2\ud835\uddf9 \ud835\ude01\ud835\uddf2\ud835\ude02 \ud835\ude01\ud835\uddf6\u00f3 \ud835\uddf1\ud835\uddf2 \ud835\udde1\ud835\uddee\ud835\uddf1\ud835\uddee\ud835\uddf9 \ud835\uddee \ud835\udde5\ud835\uddee\ud835\uddf6\ud835\uddfa\ud835\uddee\ud835\ude01!<\/p>\n\n\n\n<p>\ud83c\udf33 Endinsa&#8217;t pels boscs en recerca del teu ti\u00f3. A m\u00e9s a m\u00e9s, aquest any tornem a tenir la visita del nostre llenyataire!\ud83d\uded6\ud83e\uddcc<\/p>\n\n\n\n<p><em>Aquesta activitat \u00e9s \ud835\udc90\ud835\udc83\ud835\udc86\ud835\udc93\ud835\udc95\ud835\udc82 a tothom\u2757\ufe0f<\/em><\/p>\n\n\n\n<p>\ud83d\udd5a De 10:00 a 13:00h.<\/p>\n\n\n\n<p>Tota la informaci\u00f3 la trobareu al formulari.<\/p>\n\n\n\n<p>\u203c\ufe0f Data m\u00e0xima d\u2019inscripci\u00f3:\u00a0 Dijous 11 de desembre de 2024<\/p>\n\n\n\n<p>Link del formulari:&nbsp;<a href=\"https:\/\/docs.google.com\/forms\/d\/e\/1FAIpQLSdmrZrtNW7sop9_LHft5WL72CVCAnOjVMV8W_izQl9LHUepog\/viewform?fbclid=PAZXh0bgNhZW0CMTEAAaaRJEoCJEIzA6OTQ4P46o8mlOv5GXB4CZPdIE2bnCJy3S6SzG64hfwmXk0_aem_4Tqp76NPEH4pvMdnxUYrqQ\" target=\"_blank\" rel=\"noreferrer noopener\">https:\/\/docs.google.com\/forms\/d\/e\/1FAIpQLSdmrZrtNW7sop9_LHft5WL72CVCAnOjVMV8W_izQl9LHUepog\/viewform?fbclid=PAZXh0bgNhZW0CMTEAAaaRJEoCJEIzA6OTQ4P46o8mlOv5GXB4CZPdIE2bnCJy3S6SzG64hfwmXk0_aem_4Tqp76NPEH4pvMdnxUYrqQ<\/a><\/p>\n\n\n\n<p>Sota l&#8217;organitzaci\u00f3 de l&#8217;Associaci\u00f3 Raiventura i l&#8217;EMD de Raimat i amb la col\u00b7laboraci\u00f3 del Club Esportiu Raimat<\/p>\n\n\n","protected":false},"excerpt":{"rendered":"<p>\u00c0rea de Cultura, de Tradicions i de Participaci\u00f3 Ciutadana i Associaci\u00f3 Raiventura \ud835\udc02\ud835\udc00\u00c7\ud835\udc00 \ud835\udc04\ud835\udc0b \ud835\udc13\ud835\udc08\u00d3 \ud835\udc03\ud835\udc04 \ud835\udc0d\ud835\udc00\ud835\udc03\ud835\udc00\ud835\udc0b \ud83e\udeb5\ud83c\udf84\ud83c\udf42 El pr\u00f2xim \u1d05\u026a\u1d1c\u1d0d\u1d07\u0274\u0262\u1d07, 14 \u1d05\u1d07 \u1d05\u1d07s\u1d07\u1d0d\u0299\u0280\u1d07 \u1d05\u1d07 2025 vine a \ud835\uddf0\ud835\uddee\u00e7\ud835\uddee\ud835\uddff \ud835\uddf2\ud835\uddf9 \ud835\ude01\ud835\uddf2\ud835\ude02 \ud835\ude01\ud835\uddf6\u00f3 \ud835\uddf1\ud835\uddf2 \ud835\udde1\ud835\uddee\ud835\uddf1\ud835\uddee\ud835\uddf9 \ud835\uddee \ud835\udde5\ud835\uddee\ud835\uddf6\ud835\uddfa\ud835\uddee\ud835\ude01! \ud83c\udf33 Endinsa&#8217;t pels boscs en recerca del teu ti\u00f3. A m\u00e9s a m\u00e9s, aquest any tornem a tenir la &#8230; <a title=\"Activitats de Nadal: Ca\u00e7a el Ti\u00f3\" class=\"read-more\" href=\"https:\/\/raimat.paeria.cat\/web\/activitats-de-nadal-caca-el-tio-2\/\" aria-label=\"M\u00e9s informaci\u00f3 sobre Activitats de Nadal: Ca\u00e7a el Ti\u00f3\">Llegiu m\u00e9s<\/a><\/p>\n","protected":false},"author":11,"featured_media":0,"comment_status":"closed","ping_status":"closed","sticky":false,"template":"","format":"standard","meta":{"footnotes":""},"categories":[5],"tags":[],"class_list":["post-3407","post","type-post","status-publish","format-standard","hentry","category-noticia"],"yoast_head":"<!-- This site is optimized with the Yoast SEO plugin v27.5 - https:\/\/yoast.com\/product\/yoast-seo-wordpress\/ -->\n<title>Activitats de Nadal: Ca\u00e7a el Ti\u00f3 - Entitat Municipal Descentralitzada de Raimat - La Paeria - Ajuntament Lleida<\/title>\n<meta name=\"robots\" content=\"index, follow, max-snippet:-1, max-image-preview:large, max-video-preview:-1\" \/>\n<link rel=\"canonical\" href=\"https:\/\/raimat.paeria.cat\/web\/activitats-de-nadal-caca-el-tio-2\/\" \/>\n<meta property=\"og:locale\" content=\"ca_ES\" \/>\n<meta property=\"og:type\" content=\"article\" \/>\n<meta property=\"og:title\" content=\"Activitats de Nadal: Ca\u00e7a el Ti\u00f3 - Entitat Municipal Descentralitzada de Raimat - La Paeria - Ajuntament Lleida\" \/>\n<meta property=\"og:description\" content=\"\u00c0rea de Cultura, de Tradicions i de Participaci\u00f3 Ciutadana i Associaci\u00f3 Raiventura \ud835\udc02\ud835\udc00\u00c7\ud835\udc00 \ud835\udc04\ud835\udc0b \ud835\udc13\ud835\udc08\u00d3 \ud835\udc03\ud835\udc04 \ud835\udc0d\ud835\udc00\ud835\udc03\ud835\udc00\ud835\udc0b \ud83e\udeb5\ud83c\udf84\ud83c\udf42 El pr\u00f2xim \u1d05\u026a\u1d1c\u1d0d\u1d07\u0274\u0262\u1d07, 14 \u1d05\u1d07 \u1d05\u1d07s\u1d07\u1d0d\u0299\u0280\u1d07 \u1d05\u1d07 2025 vine a \ud835\uddf0\ud835\uddee\u00e7\ud835\uddee\ud835\uddff \ud835\uddf2\ud835\uddf9 \ud835\ude01\ud835\uddf2\ud835\ude02 \ud835\ude01\ud835\uddf6\u00f3 \ud835\uddf1\ud835\uddf2 \ud835\udde1\ud835\uddee\ud835\uddf1\ud835\uddee\ud835\uddf9 \ud835\uddee \ud835\udde5\ud835\uddee\ud835\uddf6\ud835\uddfa\ud835\uddee\ud835\ude01! \ud83c\udf33 Endinsa&#8217;t pels boscs en recerca del teu ti\u00f3. A m\u00e9s a m\u00e9s, aquest any tornem a tenir la ... Llegiu m\u00e9s\" \/>\n<meta property=\"og:url\" content=\"https:\/\/raimat.paeria.cat\/web\/activitats-de-nadal-caca-el-tio-2\/\" \/>\n<meta property=\"og:site_name\" content=\"Entitat Municipal Descentralitzada de Raimat - La Paeria - Ajuntament Lleida\" \/>\n<meta property=\"article:published_time\" content=\"2025-12-05T07:00:00+00:00\" \/>\n<meta property=\"article:modified_time\" content=\"2025-12-09T13:56:32+00:00\" \/>\n<meta name=\"author\" content=\"Ivan Fern\u00e0ndez\" \/>\n<meta name=\"twitter:card\" content=\"summary_large_image\" \/>\n<meta name=\"twitter:label1\" content=\"Escrit per\" \/>\n\t<meta name=\"twitter:data1\" content=\"Ivan Fern\u00e0ndez\" \/>\n\t<meta name=\"twitter:label2\" content=\"Temps estimat de lectura\" \/>\n\t<meta name=\"twitter:data2\" content=\"1 minut\" \/>\n<script type=\"application\/ld+json\" class=\"yoast-schema-graph\">{\"@context\":\"https:\\\/\\\/schema.org\",\"@graph\":[{\"@type\":\"Article\",\"@id\":\"https:\\\/\\\/raimat.paeria.cat\\\/web\\\/activitats-de-nadal-caca-el-tio-2\\\/#article\",\"isPartOf\":{\"@id\":\"https:\\\/\\\/raimat.paeria.cat\\\/web\\\/activitats-de-nadal-caca-el-tio-2\\\/\"},\"author\":{\"name\":\"Ivan Fern\u00e0ndez\",\"@id\":\"https:\\\/\\\/raimat.paeria.cat\\\/web\\\/#\\\/schema\\\/person\\\/436cb0033edeed67ebda7935d7e6e6af\"},\"headline\":\"Activitats de Nadal: Ca\u00e7a el Ti\u00f3\",\"datePublished\":\"2025-12-05T07:00:00+00:00\",\"dateModified\":\"2025-12-09T13:56:32+00:00\",\"mainEntityOfPage\":{\"@id\":\"https:\\\/\\\/raimat.paeria.cat\\\/web\\\/activitats-de-nadal-caca-el-tio-2\\\/\"},\"wordCount\":133,\"publisher\":{\"@id\":\"https:\\\/\\\/raimat.paeria.cat\\\/web\\\/#organization\"},\"articleSection\":[\"not\u00edcia\"],\"inLanguage\":\"ca\"},{\"@type\":\"WebPage\",\"@id\":\"https:\\\/\\\/raimat.paeria.cat\\\/web\\\/activitats-de-nadal-caca-el-tio-2\\\/\",\"url\":\"https:\\\/\\\/raimat.paeria.cat\\\/web\\\/activitats-de-nadal-caca-el-tio-2\\\/\",\"name\":\"Activitats de Nadal: Ca\u00e7a el Ti\u00f3 - Entitat Municipal Descentralitzada de Raimat - La Paeria - Ajuntament Lleida\",\"isPartOf\":{\"@id\":\"https:\\\/\\\/raimat.paeria.cat\\\/web\\\/#website\"},\"datePublished\":\"2025-12-05T07:00:00+00:00\",\"dateModified\":\"2025-12-09T13:56:32+00:00\",\"breadcrumb\":{\"@id\":\"https:\\\/\\\/raimat.paeria.cat\\\/web\\\/activitats-de-nadal-caca-el-tio-2\\\/#breadcrumb\"},\"inLanguage\":\"ca\",\"potentialAction\":[{\"@type\":\"ReadAction\",\"target\":[\"https:\\\/\\\/raimat.paeria.cat\\\/web\\\/activitats-de-nadal-caca-el-tio-2\\\/\"]}]},{\"@type\":\"BreadcrumbList\",\"@id\":\"https:\\\/\\\/raimat.paeria.cat\\\/web\\\/activitats-de-nadal-caca-el-tio-2\\\/#breadcrumb\",\"itemListElement\":[{\"@type\":\"ListItem\",\"position\":1,\"name\":\"Inici\",\"item\":\"https:\\\/\\\/raimat.paeria.cat\\\/web\\\/\"},{\"@type\":\"ListItem\",\"position\":2,\"name\":\"Activitats de Nadal: Ca\u00e7a el Ti\u00f3\"}]},{\"@type\":\"WebSite\",\"@id\":\"https:\\\/\\\/raimat.paeria.cat\\\/web\\\/#website\",\"url\":\"https:\\\/\\\/raimat.paeria.cat\\\/web\\\/\",\"name\":\"Entitat Municipal Descentralitzada de Raimat - La Paeria - Ajuntament Lleida\",\"description\":\"Entitat Municipal Descentralitzada de Raimat\",\"publisher\":{\"@id\":\"https:\\\/\\\/raimat.paeria.cat\\\/web\\\/#organization\"},\"potentialAction\":[{\"@type\":\"SearchAction\",\"target\":{\"@type\":\"EntryPoint\",\"urlTemplate\":\"https:\\\/\\\/raimat.paeria.cat\\\/web\\\/?s={search_term_string}\"},\"query-input\":{\"@type\":\"PropertyValueSpecification\",\"valueRequired\":true,\"valueName\":\"search_term_string\"}}],\"inLanguage\":\"ca\"},{\"@type\":\"Organization\",\"@id\":\"https:\\\/\\\/raimat.paeria.cat\\\/web\\\/#organization\",\"name\":\"Ajuntament de Lleida\",\"url\":\"https:\\\/\\\/raimat.paeria.cat\\\/web\\\/\",\"logo\":{\"@type\":\"ImageObject\",\"inLanguage\":\"ca\",\"@id\":\"https:\\\/\\\/raimat.paeria.cat\\\/web\\\/#\\\/schema\\\/logo\\\/image\\\/\",\"url\":\"https:\\\/\\\/raimat.paeria.cat\\\/web\\\/wp-content\\\/uploads\\\/2020\\\/06\\\/capcalera-raimat-escut-logo-paeria.png\",\"contentUrl\":\"https:\\\/\\\/raimat.paeria.cat\\\/web\\\/wp-content\\\/uploads\\\/2020\\\/06\\\/capcalera-raimat-escut-logo-paeria.png\",\"width\":1100,\"height\":221,\"caption\":\"Ajuntament de Lleida\"},\"image\":{\"@id\":\"https:\\\/\\\/raimat.paeria.cat\\\/web\\\/#\\\/schema\\\/logo\\\/image\\\/\"}},{\"@type\":\"Person\",\"@id\":\"https:\\\/\\\/raimat.paeria.cat\\\/web\\\/#\\\/schema\\\/person\\\/436cb0033edeed67ebda7935d7e6e6af\",\"name\":\"Ivan Fern\u00e0ndez\",\"image\":{\"@type\":\"ImageObject\",\"inLanguage\":\"ca\",\"@id\":\"https:\\\/\\\/secure.gravatar.com\\\/avatar\\\/f8016286519d26ac2ed7b7b03c4315bc3e342e37ae341328a35d43a06c531c72?s=96&d=mm&r=g\",\"url\":\"https:\\\/\\\/secure.gravatar.com\\\/avatar\\\/f8016286519d26ac2ed7b7b03c4315bc3e342e37ae341328a35d43a06c531c72?s=96&d=mm&r=g\",\"contentUrl\":\"https:\\\/\\\/secure.gravatar.com\\\/avatar\\\/f8016286519d26ac2ed7b7b03c4315bc3e342e37ae341328a35d43a06c531c72?s=96&d=mm&r=g\",\"caption\":\"Ivan Fern\u00e0ndez\"}}]}<\/script>\n<!-- \/ Yoast SEO plugin. -->","yoast_head_json":{"title":"Activitats de Nadal: Ca\u00e7a el Ti\u00f3 - Entitat Municipal Descentralitzada de Raimat - La Paeria - Ajuntament Lleida","robots":{"index":"index","follow":"follow","max-snippet":"max-snippet:-1","max-image-preview":"max-image-preview:large","max-video-preview":"max-video-preview:-1"},"canonical":"https:\/\/raimat.paeria.cat\/web\/activitats-de-nadal-caca-el-tio-2\/","og_locale":"ca_ES","og_type":"article","og_title":"Activitats de Nadal: Ca\u00e7a el Ti\u00f3 - Entitat Municipal Descentralitzada de Raimat - La Paeria - Ajuntament Lleida","og_description":"\u00c0rea de Cultura, de Tradicions i de Participaci\u00f3 Ciutadana i Associaci\u00f3 Raiventura \ud835\udc02\ud835\udc00\u00c7\ud835\udc00 \ud835\udc04\ud835\udc0b \ud835\udc13\ud835\udc08\u00d3 \ud835\udc03\ud835\udc04 \ud835\udc0d\ud835\udc00\ud835\udc03\ud835\udc00\ud835\udc0b \ud83e\udeb5\ud83c\udf84\ud83c\udf42 El pr\u00f2xim \u1d05\u026a\u1d1c\u1d0d\u1d07\u0274\u0262\u1d07, 14 \u1d05\u1d07 \u1d05\u1d07s\u1d07\u1d0d\u0299\u0280\u1d07 \u1d05\u1d07 2025 vine a \ud835\uddf0\ud835\uddee\u00e7\ud835\uddee\ud835\uddff \ud835\uddf2\ud835\uddf9 \ud835\ude01\ud835\uddf2\ud835\ude02 \ud835\ude01\ud835\uddf6\u00f3 \ud835\uddf1\ud835\uddf2 \ud835\udde1\ud835\uddee\ud835\uddf1\ud835\uddee\ud835\uddf9 \ud835\uddee \ud835\udde5\ud835\uddee\ud835\uddf6\ud835\uddfa\ud835\uddee\ud835\ude01! \ud83c\udf33 Endinsa&#8217;t pels boscs en recerca del teu ti\u00f3. A m\u00e9s a m\u00e9s, aquest any tornem a tenir la ... Llegiu m\u00e9s","og_url":"https:\/\/raimat.paeria.cat\/web\/activitats-de-nadal-caca-el-tio-2\/","og_site_name":"Entitat Municipal Descentralitzada de Raimat - La Paeria - Ajuntament Lleida","article_published_time":"2025-12-05T07:00:00+00:00","article_modified_time":"2025-12-09T13:56:32+00:00","author":"Ivan Fern\u00e0ndez","twitter_card":"summary_large_image","twitter_misc":{"Escrit per":"Ivan Fern\u00e0ndez","Temps estimat de lectura":"1 minut"},"schema":{"@context":"https:\/\/schema.org","@graph":[{"@type":"Article","@id":"https:\/\/raimat.paeria.cat\/web\/activitats-de-nadal-caca-el-tio-2\/#article","isPartOf":{"@id":"https:\/\/raimat.paeria.cat\/web\/activitats-de-nadal-caca-el-tio-2\/"},"author":{"name":"Ivan Fern\u00e0ndez","@id":"https:\/\/raimat.paeria.cat\/web\/#\/schema\/person\/436cb0033edeed67ebda7935d7e6e6af"},"headline":"Activitats de Nadal: Ca\u00e7a el Ti\u00f3","datePublished":"2025-12-05T07:00:00+00:00","dateModified":"2025-12-09T13:56:32+00:00","mainEntityOfPage":{"@id":"https:\/\/raimat.paeria.cat\/web\/activitats-de-nadal-caca-el-tio-2\/"},"wordCount":133,"publisher":{"@id":"https:\/\/raimat.paeria.cat\/web\/#organization"},"articleSection":["not\u00edcia"],"inLanguage":"ca"},{"@type":"WebPage","@id":"https:\/\/raimat.paeria.cat\/web\/activitats-de-nadal-caca-el-tio-2\/","url":"https:\/\/raimat.paeria.cat\/web\/activitats-de-nadal-caca-el-tio-2\/","name":"Activitats de Nadal: Ca\u00e7a el Ti\u00f3 - Entitat Municipal Descentralitzada de Raimat - La Paeria - Ajuntament Lleida","isPartOf":{"@id":"https:\/\/raimat.paeria.cat\/web\/#website"},"datePublished":"2025-12-05T07:00:00+00:00","dateModified":"2025-12-09T13:56:32+00:00","breadcrumb":{"@id":"https:\/\/raimat.paeria.cat\/web\/activitats-de-nadal-caca-el-tio-2\/#breadcrumb"},"inLanguage":"ca","potentialAction":[{"@type":"ReadAction","target":["https:\/\/raimat.paeria.cat\/web\/activitats-de-nadal-caca-el-tio-2\/"]}]},{"@type":"BreadcrumbList","@id":"https:\/\/raimat.paeria.cat\/web\/activitats-de-nadal-caca-el-tio-2\/#breadcrumb","itemListElement":[{"@type":"ListItem","position":1,"name":"Inici","item":"https:\/\/raimat.paeria.cat\/web\/"},{"@type":"ListItem","position":2,"name":"Activitats de Nadal: Ca\u00e7a el Ti\u00f3"}]},{"@type":"WebSite","@id":"https:\/\/raimat.paeria.cat\/web\/#website","url":"https:\/\/raimat.paeria.cat\/web\/","name":"Entitat Municipal Descentralitzada de Raimat - La Paeria - Ajuntament Lleida","description":"Entitat Municipal Descentralitzada de Raimat","publisher":{"@id":"https:\/\/raimat.paeria.cat\/web\/#organization"},"potentialAction":[{"@type":"SearchAction","target":{"@type":"EntryPoint","urlTemplate":"https:\/\/raimat.paeria.cat\/web\/?s={search_term_string}"},"query-input":{"@type":"PropertyValueSpecification","valueRequired":true,"valueName":"search_term_string"}}],"inLanguage":"ca"},{"@type":"Organization","@id":"https:\/\/raimat.paeria.cat\/web\/#organization","name":"Ajuntament de Lleida","url":"https:\/\/raimat.paeria.cat\/web\/","logo":{"@type":"ImageObject","inLanguage":"ca","@id":"https:\/\/raimat.paeria.cat\/web\/#\/schema\/logo\/image\/","url":"https:\/\/raimat.paeria.cat\/web\/wp-content\/uploads\/2020\/06\/capcalera-raimat-escut-logo-paeria.png","contentUrl":"https:\/\/raimat.paeria.cat\/web\/wp-content\/uploads\/2020\/06\/capcalera-raimat-escut-logo-paeria.png","width":1100,"height":221,"caption":"Ajuntament de Lleida"},"image":{"@id":"https:\/\/raimat.paeria.cat\/web\/#\/schema\/logo\/image\/"}},{"@type":"Person","@id":"https:\/\/raimat.paeria.cat\/web\/#\/schema\/person\/436cb0033edeed67ebda7935d7e6e6af","name":"Ivan Fern\u00e0ndez","image":{"@type":"ImageObject","inLanguage":"ca","@id":"https:\/\/secure.gravatar.com\/avatar\/f8016286519d26ac2ed7b7b03c4315bc3e342e37ae341328a35d43a06c531c72?s=96&d=mm&r=g","url":"https:\/\/secure.gravatar.com\/avatar\/f8016286519d26ac2ed7b7b03c4315bc3e342e37ae341328a35d43a06c531c72?s=96&d=mm&r=g","contentUrl":"https:\/\/secure.gravatar.com\/avatar\/f8016286519d26ac2ed7b7b03c4315bc3e342e37ae341328a35d43a06c531c72?s=96&d=mm&r=g","caption":"Ivan Fern\u00e0ndez"}}]}},"_links":{"self":[{"href":"https:\/\/raimat.paeria.cat\/web\/wp-json\/wp\/v2\/posts\/3407","targetHints":{"allow":["GET"]}}],"collection":[{"href":"https:\/\/raimat.paeria.cat\/web\/wp-json\/wp\/v2\/posts"}],"about":[{"href":"https:\/\/raimat.paeria.cat\/web\/wp-json\/wp\/v2\/types\/post"}],"author":[{"embeddable":true,"href":"https:\/\/raimat.paeria.cat\/web\/wp-json\/wp\/v2\/users\/11"}],"replies":[{"embeddable":true,"href":"https:\/\/raimat.paeria.cat\/web\/wp-json\/wp\/v2\/comments?post=3407"}],"version-history":[{"count":1,"href":"https:\/\/raimat.paeria.cat\/web\/wp-json\/wp\/v2\/posts\/3407\/revisions"}],"predecessor-version":[{"id":3408,"href":"https:\/\/raimat.paeria.cat\/web\/wp-json\/wp\/v2\/posts\/3407\/revisions\/3408"}],"wp:attachment":[{"href":"https:\/\/raimat.paeria.cat\/web\/wp-json\/wp\/v2\/media?parent=3407"}],"wp:term":[{"taxonomy":"category","embeddable":true,"href":"https:\/\/raimat.paeria.cat\/web\/wp-json\/wp\/v2\/categories?post=3407"},{"taxonomy":"post_tag","embeddable":true,"href":"https:\/\/raimat.paeria.cat\/web\/wp-json\/wp\/v2\/tags?post=3407"}],"curies":[{"name":"wp","href":"https:\/\/api.w.org\/{rel}","templated":true}]}}