{"id":3384,"date":"2025-12-01T09:00:00","date_gmt":"2025-12-01T07:00:00","guid":{"rendered":"https:\/\/raimat.paeria.cat\/web\/?p=3384"},"modified":"2025-12-01T12:25:27","modified_gmt":"2025-12-01T10:25:27","slug":"subvencio-institut-destudis-ilerdencs-4","status":"publish","type":"post","link":"https:\/\/raimat.paeria.cat\/web\/subvencio-institut-destudis-ilerdencs-4\/","title":{"rendered":"Subvenci\u00f3: Diputaci\u00f3 de Lleida"},"content":{"rendered":"\n<p><em>Nota de premsa<\/em><\/p>\n\n\n\n<p>Nota de premsa<\/p>\n\n\n\n<p>Raimat, a 26 de novembre de 2025.<\/p>\n\n\n\n<p><strong><u>ATORGAMENT DE SUBVENCI\u00d3<\/u><\/strong><\/p>\n\n\n\n<p>L\u2019Entitat Municipal Descentralitzada de Raimat ha rebut la concessi\u00f3 definitiva per part de la Diputaci\u00f3 de Lleida, d\u2019una subvenci\u00f3 per a realitzar diverses actuacions al Consultori M\u00e8dic Local de Raimat.<\/p>\n\n\n\n<p>L\u00ednia de subvenci\u00f3:<\/p>\n\n\n\n<p><em>Pla de Cooperaci\u00f3 Municipal per al finan\u00e7ament d\u2019inversions en mat\u00e8ria de salut de la Diputaci\u00f3 de Lleida, anualitats 2023, 2024, 2025 per als ajuntaments i les entitats municipals descentralitzades<\/em><\/p>\n\n\n\n<p>Objecte de la subvenci\u00f3:<\/p>\n\n\n\n<p><em>La finalitat de la l\u00ednia f) son les adquisicions d\u2019equipament, de mobiliari i altres que puguin tenir la consideraci\u00f3 de b\u00e9ns inventariables referits a qualsevol de les actuacions descrites en les despeses d\u2019inversi\u00f3 descrites en els apartats anteriors<\/em><\/p>\n\n\n\n<p>Projecte presentat:<\/p>\n\n\n\n<p><em>Adequaci\u00f3, adaptaci\u00f3 i les millores necess\u00e0ries del mobiliari del consultori m\u00e8dic<\/em><\/p>\n\n\n\n<p>Cost de l\u2019actuaci\u00f3:<\/p>\n\n\n\n<p><em>3.152,00\u20ac<\/em><\/p>\n\n\n\n<p>Concessi\u00f3 de subvenci\u00f3:<\/p>\n\n\n\n<p><em>3.152,00\u20ac<\/em><\/p>\n\n\n\n<p>Ens atorgant: &nbsp;<\/p>\n\n\n\n<p><em>Diputaci\u00f3 de Lleida<\/em><\/p>\n\n\n\n<p><\/p>\n\n\n\n<p>Ivan Fern\u00e0ndez i Ribelles<\/p>\n\n\n\n<p>President de l\u2019EMD de Raimat<\/p>\n\n\n\n<p>M\u00e9s informaci\u00f3 a: <a href=\"https:\/\/www.diputaciolleida.cat\/\">https:\/\/www.diputaciolleida.cat\/<\/a><\/p>\n\n\n\n<div data-wp-interactive=\"core\/file\" class=\"wp-block-file\"><object data-wp-bind--hidden=\"!state.hasPdfPreview\" hidden class=\"wp-block-file__embed\" data=\"https:\/\/raimat.paeria.cat\/web\/wp-content\/uploads\/2025\/12\/2025.11.26_NdP_Subvencio-DLL-Consultori.pdf\" type=\"application\/pdf\" style=\"width:100%;height:600px\" aria-label=\"Incrustaci\u00f3 del fitxer 2025.11.26_NdP_Subvenci\u00f3 DLL-Consultori.\"><\/object><a id=\"wp-block-file--media-840faeda-2478-4870-979f-d378a9d34ad1\" href=\"https:\/\/raimat.paeria.cat\/web\/wp-content\/uploads\/2025\/12\/2025.11.26_NdP_Subvencio-DLL-Consultori.pdf\">2025.11.26_NdP_Subvenci\u00f3 DLL-Consultori<\/a><a href=\"https:\/\/raimat.paeria.cat\/web\/wp-content\/uploads\/2025\/12\/2025.11.26_NdP_Subvencio-DLL-Consultori.pdf\" class=\"wp-block-file__button wp-element-button\" download aria-describedby=\"wp-block-file--media-840faeda-2478-4870-979f-d378a9d34ad1\">Baixa<\/a><\/div>\n\n\n\n<p><\/p>\n","protected":false},"excerpt":{"rendered":"<p>Nota de premsa Nota de premsa Raimat, a 26 de novembre de 2025. ATORGAMENT DE SUBVENCI\u00d3 L\u2019Entitat Municipal Descentralitzada de Raimat ha rebut la concessi\u00f3 definitiva per part de la Diputaci\u00f3 de Lleida, d\u2019una subvenci\u00f3 per a realitzar diverses actuacions al Consultori M\u00e8dic Local de Raimat. L\u00ednia de subvenci\u00f3: Pla de Cooperaci\u00f3 Municipal per al &#8230; <a title=\"Subvenci\u00f3: Diputaci\u00f3 de Lleida\" class=\"read-more\" href=\"https:\/\/raimat.paeria.cat\/web\/subvencio-institut-destudis-ilerdencs-4\/\" aria-label=\"M\u00e9s informaci\u00f3 sobre Subvenci\u00f3: Diputaci\u00f3 de Lleida\">Llegiu m\u00e9s<\/a><\/p>\n","protected":false},"author":11,"featured_media":3394,"comment_status":"closed","ping_status":"closed","sticky":false,"template":"","format":"standard","meta":{"footnotes":""},"categories":[5],"tags":[],"class_list":["post-3384","post","type-post","status-publish","format-standard","has-post-thumbnail","hentry","category-noticia"],"yoast_head":"<!-- This site is optimized with the Yoast SEO plugin v27.5 - https:\/\/yoast.com\/product\/yoast-seo-wordpress\/ -->\n<title>Subvenci\u00f3: Diputaci\u00f3 de Lleida - Entitat Municipal Descentralitzada de Raimat - La Paeria - Ajuntament Lleida<\/title>\n<meta name=\"robots\" content=\"index, follow, max-snippet:-1, max-image-preview:large, max-video-preview:-1\" \/>\n<link rel=\"canonical\" href=\"https:\/\/raimat.paeria.cat\/web\/subvencio-institut-destudis-ilerdencs-4\/\" \/>\n<meta property=\"og:locale\" content=\"ca_ES\" \/>\n<meta property=\"og:type\" content=\"article\" \/>\n<meta property=\"og:title\" content=\"Subvenci\u00f3: Diputaci\u00f3 de Lleida - Entitat Municipal Descentralitzada de Raimat - La Paeria - Ajuntament Lleida\" \/>\n<meta property=\"og:description\" content=\"Nota de premsa Nota de premsa Raimat, a 26 de novembre de 2025. ATORGAMENT DE SUBVENCI\u00d3 L\u2019Entitat Municipal Descentralitzada de Raimat ha rebut la concessi\u00f3 definitiva per part de la Diputaci\u00f3 de Lleida, d\u2019una subvenci\u00f3 per a realitzar diverses actuacions al Consultori M\u00e8dic Local de Raimat. L\u00ednia de subvenci\u00f3: Pla de Cooperaci\u00f3 Municipal per al ... Llegiu m\u00e9s\" \/>\n<meta property=\"og:url\" content=\"https:\/\/raimat.paeria.cat\/web\/subvencio-institut-destudis-ilerdencs-4\/\" \/>\n<meta property=\"og:site_name\" content=\"Entitat Municipal Descentralitzada de Raimat - La Paeria - Ajuntament Lleida\" \/>\n<meta property=\"article:published_time\" content=\"2025-12-01T07:00:00+00:00\" \/>\n<meta property=\"article:modified_time\" content=\"2025-12-01T10:25:27+00:00\" \/>\n<meta property=\"og:image\" content=\"https:\/\/raimat.paeria.cat\/web\/wp-content\/uploads\/2025\/12\/DIPUTACIO-DE-LLEIDA-2025_SF-scaled.png\" \/>\n\t<meta property=\"og:image:width\" content=\"2560\" \/>\n\t<meta property=\"og:image:height\" content=\"1810\" \/>\n\t<meta property=\"og:image:type\" content=\"image\/png\" \/>\n<meta name=\"author\" content=\"Ivan Fern\u00e0ndez\" \/>\n<meta name=\"twitter:card\" content=\"summary_large_image\" \/>\n<meta name=\"twitter:label1\" content=\"Escrit per\" \/>\n\t<meta name=\"twitter:data1\" content=\"Ivan Fern\u00e0ndez\" \/>\n\t<meta name=\"twitter:label2\" content=\"Temps estimat de lectura\" \/>\n\t<meta name=\"twitter:data2\" content=\"2 minuts\" \/>\n<script type=\"application\/ld+json\" class=\"yoast-schema-graph\">{\"@context\":\"https:\\\/\\\/schema.org\",\"@graph\":[{\"@type\":\"Article\",\"@id\":\"https:\\\/\\\/raimat.paeria.cat\\\/web\\\/subvencio-institut-destudis-ilerdencs-4\\\/#article\",\"isPartOf\":{\"@id\":\"https:\\\/\\\/raimat.paeria.cat\\\/web\\\/subvencio-institut-destudis-ilerdencs-4\\\/\"},\"author\":{\"name\":\"Ivan Fern\u00e0ndez\",\"@id\":\"https:\\\/\\\/raimat.paeria.cat\\\/web\\\/#\\\/schema\\\/person\\\/436cb0033edeed67ebda7935d7e6e6af\"},\"headline\":\"Subvenci\u00f3: Diputaci\u00f3 de Lleida\",\"datePublished\":\"2025-12-01T07:00:00+00:00\",\"dateModified\":\"2025-12-01T10:25:27+00:00\",\"mainEntityOfPage\":{\"@id\":\"https:\\\/\\\/raimat.paeria.cat\\\/web\\\/subvencio-institut-destudis-ilerdencs-4\\\/\"},\"wordCount\":181,\"publisher\":{\"@id\":\"https:\\\/\\\/raimat.paeria.cat\\\/web\\\/#organization\"},\"image\":{\"@id\":\"https:\\\/\\\/raimat.paeria.cat\\\/web\\\/subvencio-institut-destudis-ilerdencs-4\\\/#primaryimage\"},\"thumbnailUrl\":\"https:\\\/\\\/raimat.paeria.cat\\\/web\\\/wp-content\\\/uploads\\\/2025\\\/12\\\/DIPUTACIO-DE-LLEIDA-2025_SF-scaled.png\",\"articleSection\":[\"not\u00edcia\"],\"inLanguage\":\"ca\"},{\"@type\":\"WebPage\",\"@id\":\"https:\\\/\\\/raimat.paeria.cat\\\/web\\\/subvencio-institut-destudis-ilerdencs-4\\\/\",\"url\":\"https:\\\/\\\/raimat.paeria.cat\\\/web\\\/subvencio-institut-destudis-ilerdencs-4\\\/\",\"name\":\"Subvenci\u00f3: Diputaci\u00f3 de Lleida - Entitat Municipal Descentralitzada de Raimat - La Paeria - Ajuntament Lleida\",\"isPartOf\":{\"@id\":\"https:\\\/\\\/raimat.paeria.cat\\\/web\\\/#website\"},\"primaryImageOfPage\":{\"@id\":\"https:\\\/\\\/raimat.paeria.cat\\\/web\\\/subvencio-institut-destudis-ilerdencs-4\\\/#primaryimage\"},\"image\":{\"@id\":\"https:\\\/\\\/raimat.paeria.cat\\\/web\\\/subvencio-institut-destudis-ilerdencs-4\\\/#primaryimage\"},\"thumbnailUrl\":\"https:\\\/\\\/raimat.paeria.cat\\\/web\\\/wp-content\\\/uploads\\\/2025\\\/12\\\/DIPUTACIO-DE-LLEIDA-2025_SF-scaled.png\",\"datePublished\":\"2025-12-01T07:00:00+00:00\",\"dateModified\":\"2025-12-01T10:25:27+00:00\",\"breadcrumb\":{\"@id\":\"https:\\\/\\\/raimat.paeria.cat\\\/web\\\/subvencio-institut-destudis-ilerdencs-4\\\/#breadcrumb\"},\"inLanguage\":\"ca\",\"potentialAction\":[{\"@type\":\"ReadAction\",\"target\":[\"https:\\\/\\\/raimat.paeria.cat\\\/web\\\/subvencio-institut-destudis-ilerdencs-4\\\/\"]}]},{\"@type\":\"ImageObject\",\"inLanguage\":\"ca\",\"@id\":\"https:\\\/\\\/raimat.paeria.cat\\\/web\\\/subvencio-institut-destudis-ilerdencs-4\\\/#primaryimage\",\"url\":\"https:\\\/\\\/raimat.paeria.cat\\\/web\\\/wp-content\\\/uploads\\\/2025\\\/12\\\/DIPUTACIO-DE-LLEIDA-2025_SF-scaled.png\",\"contentUrl\":\"https:\\\/\\\/raimat.paeria.cat\\\/web\\\/wp-content\\\/uploads\\\/2025\\\/12\\\/DIPUTACIO-DE-LLEIDA-2025_SF-scaled.png\",\"width\":2560,\"height\":1810},{\"@type\":\"BreadcrumbList\",\"@id\":\"https:\\\/\\\/raimat.paeria.cat\\\/web\\\/subvencio-institut-destudis-ilerdencs-4\\\/#breadcrumb\",\"itemListElement\":[{\"@type\":\"ListItem\",\"position\":1,\"name\":\"Inici\",\"item\":\"https:\\\/\\\/raimat.paeria.cat\\\/web\\\/\"},{\"@type\":\"ListItem\",\"position\":2,\"name\":\"Subvenci\u00f3: Diputaci\u00f3 de Lleida\"}]},{\"@type\":\"WebSite\",\"@id\":\"https:\\\/\\\/raimat.paeria.cat\\\/web\\\/#website\",\"url\":\"https:\\\/\\\/raimat.paeria.cat\\\/web\\\/\",\"name\":\"Entitat Municipal Descentralitzada de Raimat - La Paeria - Ajuntament Lleida\",\"description\":\"Entitat Municipal Descentralitzada de Raimat\",\"publisher\":{\"@id\":\"https:\\\/\\\/raimat.paeria.cat\\\/web\\\/#organization\"},\"potentialAction\":[{\"@type\":\"SearchAction\",\"target\":{\"@type\":\"EntryPoint\",\"urlTemplate\":\"https:\\\/\\\/raimat.paeria.cat\\\/web\\\/?s={search_term_string}\"},\"query-input\":{\"@type\":\"PropertyValueSpecification\",\"valueRequired\":true,\"valueName\":\"search_term_string\"}}],\"inLanguage\":\"ca\"},{\"@type\":\"Organization\",\"@id\":\"https:\\\/\\\/raimat.paeria.cat\\\/web\\\/#organization\",\"name\":\"Ajuntament de Lleida\",\"url\":\"https:\\\/\\\/raimat.paeria.cat\\\/web\\\/\",\"logo\":{\"@type\":\"ImageObject\",\"inLanguage\":\"ca\",\"@id\":\"https:\\\/\\\/raimat.paeria.cat\\\/web\\\/#\\\/schema\\\/logo\\\/image\\\/\",\"url\":\"https:\\\/\\\/raimat.paeria.cat\\\/web\\\/wp-content\\\/uploads\\\/2020\\\/06\\\/capcalera-raimat-escut-logo-paeria.png\",\"contentUrl\":\"https:\\\/\\\/raimat.paeria.cat\\\/web\\\/wp-content\\\/uploads\\\/2020\\\/06\\\/capcalera-raimat-escut-logo-paeria.png\",\"width\":1100,\"height\":221,\"caption\":\"Ajuntament de Lleida\"},\"image\":{\"@id\":\"https:\\\/\\\/raimat.paeria.cat\\\/web\\\/#\\\/schema\\\/logo\\\/image\\\/\"}},{\"@type\":\"Person\",\"@id\":\"https:\\\/\\\/raimat.paeria.cat\\\/web\\\/#\\\/schema\\\/person\\\/436cb0033edeed67ebda7935d7e6e6af\",\"name\":\"Ivan Fern\u00e0ndez\",\"image\":{\"@type\":\"ImageObject\",\"inLanguage\":\"ca\",\"@id\":\"https:\\\/\\\/secure.gravatar.com\\\/avatar\\\/f8016286519d26ac2ed7b7b03c4315bc3e342e37ae341328a35d43a06c531c72?s=96&d=mm&r=g\",\"url\":\"https:\\\/\\\/secure.gravatar.com\\\/avatar\\\/f8016286519d26ac2ed7b7b03c4315bc3e342e37ae341328a35d43a06c531c72?s=96&d=mm&r=g\",\"contentUrl\":\"https:\\\/\\\/secure.gravatar.com\\\/avatar\\\/f8016286519d26ac2ed7b7b03c4315bc3e342e37ae341328a35d43a06c531c72?s=96&d=mm&r=g\",\"caption\":\"Ivan Fern\u00e0ndez\"}}]}<\/script>\n<!-- \/ Yoast SEO plugin. -->","yoast_head_json":{"title":"Subvenci\u00f3: Diputaci\u00f3 de Lleida - Entitat Municipal Descentralitzada de Raimat - La Paeria - Ajuntament Lleida","robots":{"index":"index","follow":"follow","max-snippet":"max-snippet:-1","max-image-preview":"max-image-preview:large","max-video-preview":"max-video-preview:-1"},"canonical":"https:\/\/raimat.paeria.cat\/web\/subvencio-institut-destudis-ilerdencs-4\/","og_locale":"ca_ES","og_type":"article","og_title":"Subvenci\u00f3: Diputaci\u00f3 de Lleida - Entitat Municipal Descentralitzada de Raimat - La Paeria - Ajuntament Lleida","og_description":"Nota de premsa Nota de premsa Raimat, a 26 de novembre de 2025. ATORGAMENT DE SUBVENCI\u00d3 L\u2019Entitat Municipal Descentralitzada de Raimat ha rebut la concessi\u00f3 definitiva per part de la Diputaci\u00f3 de Lleida, d\u2019una subvenci\u00f3 per a realitzar diverses actuacions al Consultori M\u00e8dic Local de Raimat. L\u00ednia de subvenci\u00f3: Pla de Cooperaci\u00f3 Municipal per al ... Llegiu m\u00e9s","og_url":"https:\/\/raimat.paeria.cat\/web\/subvencio-institut-destudis-ilerdencs-4\/","og_site_name":"Entitat Municipal Descentralitzada de Raimat - La Paeria - Ajuntament Lleida","article_published_time":"2025-12-01T07:00:00+00:00","article_modified_time":"2025-12-01T10:25:27+00:00","og_image":[{"width":2560,"height":1810,"url":"https:\/\/raimat.paeria.cat\/web\/wp-content\/uploads\/2025\/12\/DIPUTACIO-DE-LLEIDA-2025_SF-scaled.png","type":"image\/png"}],"author":"Ivan Fern\u00e0ndez","twitter_card":"summary_large_image","twitter_misc":{"Escrit per":"Ivan Fern\u00e0ndez","Temps estimat de lectura":"2 minuts"},"schema":{"@context":"https:\/\/schema.org","@graph":[{"@type":"Article","@id":"https:\/\/raimat.paeria.cat\/web\/subvencio-institut-destudis-ilerdencs-4\/#article","isPartOf":{"@id":"https:\/\/raimat.paeria.cat\/web\/subvencio-institut-destudis-ilerdencs-4\/"},"author":{"name":"Ivan Fern\u00e0ndez","@id":"https:\/\/raimat.paeria.cat\/web\/#\/schema\/person\/436cb0033edeed67ebda7935d7e6e6af"},"headline":"Subvenci\u00f3: Diputaci\u00f3 de Lleida","datePublished":"2025-12-01T07:00:00+00:00","dateModified":"2025-12-01T10:25:27+00:00","mainEntityOfPage":{"@id":"https:\/\/raimat.paeria.cat\/web\/subvencio-institut-destudis-ilerdencs-4\/"},"wordCount":181,"publisher":{"@id":"https:\/\/raimat.paeria.cat\/web\/#organization"},"image":{"@id":"https:\/\/raimat.paeria.cat\/web\/subvencio-institut-destudis-ilerdencs-4\/#primaryimage"},"thumbnailUrl":"https:\/\/raimat.paeria.cat\/web\/wp-content\/uploads\/2025\/12\/DIPUTACIO-DE-LLEIDA-2025_SF-scaled.png","articleSection":["not\u00edcia"],"inLanguage":"ca"},{"@type":"WebPage","@id":"https:\/\/raimat.paeria.cat\/web\/subvencio-institut-destudis-ilerdencs-4\/","url":"https:\/\/raimat.paeria.cat\/web\/subvencio-institut-destudis-ilerdencs-4\/","name":"Subvenci\u00f3: Diputaci\u00f3 de Lleida - Entitat Municipal Descentralitzada de Raimat - La Paeria - Ajuntament Lleida","isPartOf":{"@id":"https:\/\/raimat.paeria.cat\/web\/#website"},"primaryImageOfPage":{"@id":"https:\/\/raimat.paeria.cat\/web\/subvencio-institut-destudis-ilerdencs-4\/#primaryimage"},"image":{"@id":"https:\/\/raimat.paeria.cat\/web\/subvencio-institut-destudis-ilerdencs-4\/#primaryimage"},"thumbnailUrl":"https:\/\/raimat.paeria.cat\/web\/wp-content\/uploads\/2025\/12\/DIPUTACIO-DE-LLEIDA-2025_SF-scaled.png","datePublished":"2025-12-01T07:00:00+00:00","dateModified":"2025-12-01T10:25:27+00:00","breadcrumb":{"@id":"https:\/\/raimat.paeria.cat\/web\/subvencio-institut-destudis-ilerdencs-4\/#breadcrumb"},"inLanguage":"ca","potentialAction":[{"@type":"ReadAction","target":["https:\/\/raimat.paeria.cat\/web\/subvencio-institut-destudis-ilerdencs-4\/"]}]},{"@type":"ImageObject","inLanguage":"ca","@id":"https:\/\/raimat.paeria.cat\/web\/subvencio-institut-destudis-ilerdencs-4\/#primaryimage","url":"https:\/\/raimat.paeria.cat\/web\/wp-content\/uploads\/2025\/12\/DIPUTACIO-DE-LLEIDA-2025_SF-scaled.png","contentUrl":"https:\/\/raimat.paeria.cat\/web\/wp-content\/uploads\/2025\/12\/DIPUTACIO-DE-LLEIDA-2025_SF-scaled.png","width":2560,"height":1810},{"@type":"BreadcrumbList","@id":"https:\/\/raimat.paeria.cat\/web\/subvencio-institut-destudis-ilerdencs-4\/#breadcrumb","itemListElement":[{"@type":"ListItem","position":1,"name":"Inici","item":"https:\/\/raimat.paeria.cat\/web\/"},{"@type":"ListItem","position":2,"name":"Subvenci\u00f3: Diputaci\u00f3 de Lleida"}]},{"@type":"WebSite","@id":"https:\/\/raimat.paeria.cat\/web\/#website","url":"https:\/\/raimat.paeria.cat\/web\/","name":"Entitat Municipal Descentralitzada de Raimat - La Paeria - Ajuntament Lleida","description":"Entitat Municipal Descentralitzada de Raimat","publisher":{"@id":"https:\/\/raimat.paeria.cat\/web\/#organization"},"potentialAction":[{"@type":"SearchAction","target":{"@type":"EntryPoint","urlTemplate":"https:\/\/raimat.paeria.cat\/web\/?s={search_term_string}"},"query-input":{"@type":"PropertyValueSpecification","valueRequired":true,"valueName":"search_term_string"}}],"inLanguage":"ca"},{"@type":"Organization","@id":"https:\/\/raimat.paeria.cat\/web\/#organization","name":"Ajuntament de Lleida","url":"https:\/\/raimat.paeria.cat\/web\/","logo":{"@type":"ImageObject","inLanguage":"ca","@id":"https:\/\/raimat.paeria.cat\/web\/#\/schema\/logo\/image\/","url":"https:\/\/raimat.paeria.cat\/web\/wp-content\/uploads\/2020\/06\/capcalera-raimat-escut-logo-paeria.png","contentUrl":"https:\/\/raimat.paeria.cat\/web\/wp-content\/uploads\/2020\/06\/capcalera-raimat-escut-logo-paeria.png","width":1100,"height":221,"caption":"Ajuntament de Lleida"},"image":{"@id":"https:\/\/raimat.paeria.cat\/web\/#\/schema\/logo\/image\/"}},{"@type":"Person","@id":"https:\/\/raimat.paeria.cat\/web\/#\/schema\/person\/436cb0033edeed67ebda7935d7e6e6af","name":"Ivan Fern\u00e0ndez","image":{"@type":"ImageObject","inLanguage":"ca","@id":"https:\/\/secure.gravatar.com\/avatar\/f8016286519d26ac2ed7b7b03c4315bc3e342e37ae341328a35d43a06c531c72?s=96&d=mm&r=g","url":"https:\/\/secure.gravatar.com\/avatar\/f8016286519d26ac2ed7b7b03c4315bc3e342e37ae341328a35d43a06c531c72?s=96&d=mm&r=g","contentUrl":"https:\/\/secure.gravatar.com\/avatar\/f8016286519d26ac2ed7b7b03c4315bc3e342e37ae341328a35d43a06c531c72?s=96&d=mm&r=g","caption":"Ivan Fern\u00e0ndez"}}]}},"_links":{"self":[{"href":"https:\/\/raimat.paeria.cat\/web\/wp-json\/wp\/v2\/posts\/3384","targetHints":{"allow":["GET"]}}],"collection":[{"href":"https:\/\/raimat.paeria.cat\/web\/wp-json\/wp\/v2\/posts"}],"about":[{"href":"https:\/\/raimat.paeria.cat\/web\/wp-json\/wp\/v2\/types\/post"}],"author":[{"embeddable":true,"href":"https:\/\/raimat.paeria.cat\/web\/wp-json\/wp\/v2\/users\/11"}],"replies":[{"embeddable":true,"href":"https:\/\/raimat.paeria.cat\/web\/wp-json\/wp\/v2\/comments?post=3384"}],"version-history":[{"count":2,"href":"https:\/\/raimat.paeria.cat\/web\/wp-json\/wp\/v2\/posts\/3384\/revisions"}],"predecessor-version":[{"id":3395,"href":"https:\/\/raimat.paeria.cat\/web\/wp-json\/wp\/v2\/posts\/3384\/revisions\/3395"}],"wp:featuredmedia":[{"embeddable":true,"href":"https:\/\/raimat.paeria.cat\/web\/wp-json\/wp\/v2\/media\/3394"}],"wp:attachment":[{"href":"https:\/\/raimat.paeria.cat\/web\/wp-json\/wp\/v2\/media?parent=3384"}],"wp:term":[{"taxonomy":"category","embeddable":true,"href":"https:\/\/raimat.paeria.cat\/web\/wp-json\/wp\/v2\/categories?post=3384"},{"taxonomy":"post_tag","embeddable":true,"href":"https:\/\/raimat.paeria.cat\/web\/wp-json\/wp\/v2\/tags?post=3384"}],"curies":[{"name":"wp","href":"https:\/\/api.w.org\/{rel}","templated":true}]}}