{"id":2792,"date":"2023-06-30T09:00:00","date_gmt":"2023-06-30T07:00:00","guid":{"rendered":"https:\/\/raimat.paeria.cat\/web\/?p=2792"},"modified":"2024-03-18T12:49:27","modified_gmt":"2024-03-18T10:49:27","slug":"installacio-de-plaques-solars","status":"publish","type":"post","link":"https:\/\/raimat.paeria.cat\/web\/installacio-de-plaques-solars\/","title":{"rendered":"Instal\u00b7laci\u00f3 de plaques solars"},"content":{"rendered":"\n<p><strong>Nota de Premsa<\/strong><\/p>\n\n\n\n<p>Instal\u00b7laci\u00f3 de fins a 18 plaques solars a la coberta del magatzem de les brigades municipals<\/p>\n\n\n\n<p><strong>Llan\u00e7ament d\u2019un Programa d\u2019Actuacions per a la Implementaci\u00f3 d\u2019Incentius en Autoconsum d\u2019Energia Renovable i Sistemes T\u00e8rmics<\/strong><\/p>\n\n\n\n<p>Programa per a actuacions per a l\u2019execuci\u00f3 de diversos programes d\u2019incentius lligats a l\u2019autoconsum i a l\u2019emmagatzematge, amb fons d\u2019energia renovable, i a la implantaci\u00f3 de sistemes t\u00e8rmics renovables en el sector residencial en el marc del Pla de recuperaci\u00f3, transformaci\u00f3 i resili\u00e8ncia.<\/p>\n\n\n\n<p>El govern ha anunciat el llan\u00e7ament d\u2019un nou programa d\u2019actuacions destinat a promoure l\u2019adopci\u00f3 d\u2019energies renovables en el sector residencial i p\u00fablic. Aquest programa est\u00e0 dissenyat per a facilitar l\u2019execuci\u00f3 de diversos programes d\u2019incentius vinculats vinculats a l\u2019autoconsum i a l\u2019emmagatzematge d\u2019energia renovable, aix\u00ed com la implantaci\u00f3 de sistemes t\u00e8rmics renovables.<\/p>\n\n\n\n<p>En el marc del Pla de Recuperaci\u00f3, Transformaci\u00f3 i Resili\u00e8ncia, aquest programa busca fomentar l&#8217;\u00fas de fonts d&#8217;energia sostenible i contribuir a la transici\u00f3 cap a un model energ\u00e8tic m\u00e9s net i resilient. A trav\u00e9s d&#8217;aquestes actuacions, es promouen la instal\u00b7laci\u00f3 de tecnologies renovables com els panells solars fotovoltaics, els sistemes d&#8217;emmagatzematge d&#8217;energia, aix\u00ed com els sistemes t\u00e8rmics renovables, com ara les bombes de calor i els sistemes de calefacci\u00f3 solar.<\/p>\n\n\n\n<p>L\u2019EMD de Raimat s\u2019ha adherit a aquest programa i s\u2019ha realitzat l\u2019actuaci\u00f3 de la instal\u00b7laci\u00f3 de plaques fotovoltaiques a la coberta del magatzem de les brigades municipals; que ha consistit en la instal\u00b7laci\u00f3 de fins a 18 m\u00f2duls fotovoltaics amb l\u2019inversor i el sistema de monitoritzaci\u00f3.<\/p>\n\n\n\n<div data-wp-interactive=\"core\/file\" class=\"wp-block-file\"><object data-wp-bind--hidden=\"!state.hasPdfPreview\" hidden class=\"wp-block-file__embed\" data=\"https:\/\/raimat.paeria.cat\/web\/wp-content\/uploads\/2024\/03\/2023.06.30_NdP_PLAQUES-SOLARS-MAGATZEM.pdf\" type=\"application\/pdf\" style=\"width:100%;height:600px\" aria-label=\"Incrustaci\u00f3 del fitxer 2023.06.30_NdP_PLAQUES-SOLARS-MAGATZEM.\"><\/object><a id=\"wp-block-file--media-0d7082ec-52c8-4d14-af94-adc31b57939f\" href=\"https:\/\/raimat.paeria.cat\/web\/wp-content\/uploads\/2024\/03\/2023.06.30_NdP_PLAQUES-SOLARS-MAGATZEM.pdf\">2023.06.30_NdP_PLAQUES-SOLARS-MAGATZEM<\/a><a href=\"https:\/\/raimat.paeria.cat\/web\/wp-content\/uploads\/2024\/03\/2023.06.30_NdP_PLAQUES-SOLARS-MAGATZEM.pdf\" class=\"wp-block-file__button wp-element-button\" download aria-describedby=\"wp-block-file--media-0d7082ec-52c8-4d14-af94-adc31b57939f\">Baixa<\/a><\/div>\n","protected":false},"excerpt":{"rendered":"<p>Nota de Premsa Instal\u00b7laci\u00f3 de fins a 18 plaques solars a la coberta del magatzem de les brigades municipals Llan\u00e7ament d\u2019un Programa d\u2019Actuacions per a la Implementaci\u00f3 d\u2019Incentius en Autoconsum d\u2019Energia Renovable i Sistemes T\u00e8rmics Programa per a actuacions per a l\u2019execuci\u00f3 de diversos programes d\u2019incentius lligats a l\u2019autoconsum i a l\u2019emmagatzematge, amb fons d\u2019energia &#8230; <a title=\"Instal\u00b7laci\u00f3 de plaques solars\" class=\"read-more\" href=\"https:\/\/raimat.paeria.cat\/web\/installacio-de-plaques-solars\/\" aria-label=\"M\u00e9s informaci\u00f3 sobre Instal\u00b7laci\u00f3 de plaques solars\">Llegiu m\u00e9s<\/a><\/p>\n","protected":false},"author":11,"featured_media":0,"comment_status":"closed","ping_status":"closed","sticky":false,"template":"","format":"standard","meta":{"footnotes":""},"categories":[5],"tags":[],"class_list":["post-2792","post","type-post","status-publish","format-standard","hentry","category-noticia"],"yoast_head":"<!-- This site is optimized with the Yoast SEO plugin v27.5 - https:\/\/yoast.com\/product\/yoast-seo-wordpress\/ -->\n<title>Instal\u00b7laci\u00f3 de plaques solars - Entitat Municipal Descentralitzada de Raimat - La Paeria - Ajuntament Lleida<\/title>\n<meta name=\"robots\" content=\"index, follow, max-snippet:-1, max-image-preview:large, max-video-preview:-1\" \/>\n<link rel=\"canonical\" href=\"https:\/\/raimat.paeria.cat\/web\/installacio-de-plaques-solars\/\" \/>\n<meta property=\"og:locale\" content=\"ca_ES\" \/>\n<meta property=\"og:type\" content=\"article\" \/>\n<meta property=\"og:title\" content=\"Instal\u00b7laci\u00f3 de plaques solars - Entitat Municipal Descentralitzada de Raimat - La Paeria - Ajuntament Lleida\" \/>\n<meta property=\"og:description\" content=\"Nota de Premsa Instal\u00b7laci\u00f3 de fins a 18 plaques solars a la coberta del magatzem de les brigades municipals Llan\u00e7ament d\u2019un Programa d\u2019Actuacions per a la Implementaci\u00f3 d\u2019Incentius en Autoconsum d\u2019Energia Renovable i Sistemes T\u00e8rmics Programa per a actuacions per a l\u2019execuci\u00f3 de diversos programes d\u2019incentius lligats a l\u2019autoconsum i a l\u2019emmagatzematge, amb fons d\u2019energia ... Llegiu m\u00e9s\" \/>\n<meta property=\"og:url\" content=\"https:\/\/raimat.paeria.cat\/web\/installacio-de-plaques-solars\/\" \/>\n<meta property=\"og:site_name\" content=\"Entitat Municipal Descentralitzada de Raimat - La Paeria - Ajuntament Lleida\" \/>\n<meta property=\"article:published_time\" content=\"2023-06-30T07:00:00+00:00\" \/>\n<meta property=\"article:modified_time\" content=\"2024-03-18T10:49:27+00:00\" \/>\n<meta name=\"author\" content=\"Ivan Fern\u00e0ndez\" \/>\n<meta name=\"twitter:card\" content=\"summary_large_image\" \/>\n<meta name=\"twitter:label1\" content=\"Escrit per\" \/>\n\t<meta name=\"twitter:data1\" content=\"Ivan Fern\u00e0ndez\" \/>\n\t<meta name=\"twitter:label2\" content=\"Temps estimat de lectura\" \/>\n\t<meta name=\"twitter:data2\" content=\"2 minuts\" \/>\n<script type=\"application\/ld+json\" class=\"yoast-schema-graph\">{\"@context\":\"https:\\\/\\\/schema.org\",\"@graph\":[{\"@type\":\"Article\",\"@id\":\"https:\\\/\\\/raimat.paeria.cat\\\/web\\\/installacio-de-plaques-solars\\\/#article\",\"isPartOf\":{\"@id\":\"https:\\\/\\\/raimat.paeria.cat\\\/web\\\/installacio-de-plaques-solars\\\/\"},\"author\":{\"name\":\"Ivan Fern\u00e0ndez\",\"@id\":\"https:\\\/\\\/raimat.paeria.cat\\\/web\\\/#\\\/schema\\\/person\\\/436cb0033edeed67ebda7935d7e6e6af\"},\"headline\":\"Instal\u00b7laci\u00f3 de plaques solars\",\"datePublished\":\"2023-06-30T07:00:00+00:00\",\"dateModified\":\"2024-03-18T10:49:27+00:00\",\"mainEntityOfPage\":{\"@id\":\"https:\\\/\\\/raimat.paeria.cat\\\/web\\\/installacio-de-plaques-solars\\\/\"},\"wordCount\":297,\"publisher\":{\"@id\":\"https:\\\/\\\/raimat.paeria.cat\\\/web\\\/#organization\"},\"articleSection\":[\"not\u00edcia\"],\"inLanguage\":\"ca\"},{\"@type\":\"WebPage\",\"@id\":\"https:\\\/\\\/raimat.paeria.cat\\\/web\\\/installacio-de-plaques-solars\\\/\",\"url\":\"https:\\\/\\\/raimat.paeria.cat\\\/web\\\/installacio-de-plaques-solars\\\/\",\"name\":\"Instal\u00b7laci\u00f3 de plaques solars - Entitat Municipal Descentralitzada de Raimat - La Paeria - Ajuntament Lleida\",\"isPartOf\":{\"@id\":\"https:\\\/\\\/raimat.paeria.cat\\\/web\\\/#website\"},\"datePublished\":\"2023-06-30T07:00:00+00:00\",\"dateModified\":\"2024-03-18T10:49:27+00:00\",\"breadcrumb\":{\"@id\":\"https:\\\/\\\/raimat.paeria.cat\\\/web\\\/installacio-de-plaques-solars\\\/#breadcrumb\"},\"inLanguage\":\"ca\",\"potentialAction\":[{\"@type\":\"ReadAction\",\"target\":[\"https:\\\/\\\/raimat.paeria.cat\\\/web\\\/installacio-de-plaques-solars\\\/\"]}]},{\"@type\":\"BreadcrumbList\",\"@id\":\"https:\\\/\\\/raimat.paeria.cat\\\/web\\\/installacio-de-plaques-solars\\\/#breadcrumb\",\"itemListElement\":[{\"@type\":\"ListItem\",\"position\":1,\"name\":\"Inici\",\"item\":\"https:\\\/\\\/raimat.paeria.cat\\\/web\\\/\"},{\"@type\":\"ListItem\",\"position\":2,\"name\":\"Instal\u00b7laci\u00f3 de plaques solars\"}]},{\"@type\":\"WebSite\",\"@id\":\"https:\\\/\\\/raimat.paeria.cat\\\/web\\\/#website\",\"url\":\"https:\\\/\\\/raimat.paeria.cat\\\/web\\\/\",\"name\":\"Entitat Municipal Descentralitzada de Raimat - La Paeria - Ajuntament Lleida\",\"description\":\"Entitat Municipal Descentralitzada de Raimat\",\"publisher\":{\"@id\":\"https:\\\/\\\/raimat.paeria.cat\\\/web\\\/#organization\"},\"potentialAction\":[{\"@type\":\"SearchAction\",\"target\":{\"@type\":\"EntryPoint\",\"urlTemplate\":\"https:\\\/\\\/raimat.paeria.cat\\\/web\\\/?s={search_term_string}\"},\"query-input\":{\"@type\":\"PropertyValueSpecification\",\"valueRequired\":true,\"valueName\":\"search_term_string\"}}],\"inLanguage\":\"ca\"},{\"@type\":\"Organization\",\"@id\":\"https:\\\/\\\/raimat.paeria.cat\\\/web\\\/#organization\",\"name\":\"Ajuntament de Lleida\",\"url\":\"https:\\\/\\\/raimat.paeria.cat\\\/web\\\/\",\"logo\":{\"@type\":\"ImageObject\",\"inLanguage\":\"ca\",\"@id\":\"https:\\\/\\\/raimat.paeria.cat\\\/web\\\/#\\\/schema\\\/logo\\\/image\\\/\",\"url\":\"https:\\\/\\\/raimat.paeria.cat\\\/web\\\/wp-content\\\/uploads\\\/2020\\\/06\\\/capcalera-raimat-escut-logo-paeria.png\",\"contentUrl\":\"https:\\\/\\\/raimat.paeria.cat\\\/web\\\/wp-content\\\/uploads\\\/2020\\\/06\\\/capcalera-raimat-escut-logo-paeria.png\",\"width\":1100,\"height\":221,\"caption\":\"Ajuntament de Lleida\"},\"image\":{\"@id\":\"https:\\\/\\\/raimat.paeria.cat\\\/web\\\/#\\\/schema\\\/logo\\\/image\\\/\"}},{\"@type\":\"Person\",\"@id\":\"https:\\\/\\\/raimat.paeria.cat\\\/web\\\/#\\\/schema\\\/person\\\/436cb0033edeed67ebda7935d7e6e6af\",\"name\":\"Ivan Fern\u00e0ndez\",\"image\":{\"@type\":\"ImageObject\",\"inLanguage\":\"ca\",\"@id\":\"https:\\\/\\\/secure.gravatar.com\\\/avatar\\\/f8016286519d26ac2ed7b7b03c4315bc3e342e37ae341328a35d43a06c531c72?s=96&d=mm&r=g\",\"url\":\"https:\\\/\\\/secure.gravatar.com\\\/avatar\\\/f8016286519d26ac2ed7b7b03c4315bc3e342e37ae341328a35d43a06c531c72?s=96&d=mm&r=g\",\"contentUrl\":\"https:\\\/\\\/secure.gravatar.com\\\/avatar\\\/f8016286519d26ac2ed7b7b03c4315bc3e342e37ae341328a35d43a06c531c72?s=96&d=mm&r=g\",\"caption\":\"Ivan Fern\u00e0ndez\"}}]}<\/script>\n<!-- \/ Yoast SEO plugin. -->","yoast_head_json":{"title":"Instal\u00b7laci\u00f3 de plaques solars - Entitat Municipal Descentralitzada de Raimat - La Paeria - Ajuntament Lleida","robots":{"index":"index","follow":"follow","max-snippet":"max-snippet:-1","max-image-preview":"max-image-preview:large","max-video-preview":"max-video-preview:-1"},"canonical":"https:\/\/raimat.paeria.cat\/web\/installacio-de-plaques-solars\/","og_locale":"ca_ES","og_type":"article","og_title":"Instal\u00b7laci\u00f3 de plaques solars - Entitat Municipal Descentralitzada de Raimat - La Paeria - Ajuntament Lleida","og_description":"Nota de Premsa Instal\u00b7laci\u00f3 de fins a 18 plaques solars a la coberta del magatzem de les brigades municipals Llan\u00e7ament d\u2019un Programa d\u2019Actuacions per a la Implementaci\u00f3 d\u2019Incentius en Autoconsum d\u2019Energia Renovable i Sistemes T\u00e8rmics Programa per a actuacions per a l\u2019execuci\u00f3 de diversos programes d\u2019incentius lligats a l\u2019autoconsum i a l\u2019emmagatzematge, amb fons d\u2019energia ... Llegiu m\u00e9s","og_url":"https:\/\/raimat.paeria.cat\/web\/installacio-de-plaques-solars\/","og_site_name":"Entitat Municipal Descentralitzada de Raimat - La Paeria - Ajuntament Lleida","article_published_time":"2023-06-30T07:00:00+00:00","article_modified_time":"2024-03-18T10:49:27+00:00","author":"Ivan Fern\u00e0ndez","twitter_card":"summary_large_image","twitter_misc":{"Escrit per":"Ivan Fern\u00e0ndez","Temps estimat de lectura":"2 minuts"},"schema":{"@context":"https:\/\/schema.org","@graph":[{"@type":"Article","@id":"https:\/\/raimat.paeria.cat\/web\/installacio-de-plaques-solars\/#article","isPartOf":{"@id":"https:\/\/raimat.paeria.cat\/web\/installacio-de-plaques-solars\/"},"author":{"name":"Ivan Fern\u00e0ndez","@id":"https:\/\/raimat.paeria.cat\/web\/#\/schema\/person\/436cb0033edeed67ebda7935d7e6e6af"},"headline":"Instal\u00b7laci\u00f3 de plaques solars","datePublished":"2023-06-30T07:00:00+00:00","dateModified":"2024-03-18T10:49:27+00:00","mainEntityOfPage":{"@id":"https:\/\/raimat.paeria.cat\/web\/installacio-de-plaques-solars\/"},"wordCount":297,"publisher":{"@id":"https:\/\/raimat.paeria.cat\/web\/#organization"},"articleSection":["not\u00edcia"],"inLanguage":"ca"},{"@type":"WebPage","@id":"https:\/\/raimat.paeria.cat\/web\/installacio-de-plaques-solars\/","url":"https:\/\/raimat.paeria.cat\/web\/installacio-de-plaques-solars\/","name":"Instal\u00b7laci\u00f3 de plaques solars - Entitat Municipal Descentralitzada de Raimat - La Paeria - Ajuntament Lleida","isPartOf":{"@id":"https:\/\/raimat.paeria.cat\/web\/#website"},"datePublished":"2023-06-30T07:00:00+00:00","dateModified":"2024-03-18T10:49:27+00:00","breadcrumb":{"@id":"https:\/\/raimat.paeria.cat\/web\/installacio-de-plaques-solars\/#breadcrumb"},"inLanguage":"ca","potentialAction":[{"@type":"ReadAction","target":["https:\/\/raimat.paeria.cat\/web\/installacio-de-plaques-solars\/"]}]},{"@type":"BreadcrumbList","@id":"https:\/\/raimat.paeria.cat\/web\/installacio-de-plaques-solars\/#breadcrumb","itemListElement":[{"@type":"ListItem","position":1,"name":"Inici","item":"https:\/\/raimat.paeria.cat\/web\/"},{"@type":"ListItem","position":2,"name":"Instal\u00b7laci\u00f3 de plaques solars"}]},{"@type":"WebSite","@id":"https:\/\/raimat.paeria.cat\/web\/#website","url":"https:\/\/raimat.paeria.cat\/web\/","name":"Entitat Municipal Descentralitzada de Raimat - La Paeria - Ajuntament Lleida","description":"Entitat Municipal Descentralitzada de Raimat","publisher":{"@id":"https:\/\/raimat.paeria.cat\/web\/#organization"},"potentialAction":[{"@type":"SearchAction","target":{"@type":"EntryPoint","urlTemplate":"https:\/\/raimat.paeria.cat\/web\/?s={search_term_string}"},"query-input":{"@type":"PropertyValueSpecification","valueRequired":true,"valueName":"search_term_string"}}],"inLanguage":"ca"},{"@type":"Organization","@id":"https:\/\/raimat.paeria.cat\/web\/#organization","name":"Ajuntament de Lleida","url":"https:\/\/raimat.paeria.cat\/web\/","logo":{"@type":"ImageObject","inLanguage":"ca","@id":"https:\/\/raimat.paeria.cat\/web\/#\/schema\/logo\/image\/","url":"https:\/\/raimat.paeria.cat\/web\/wp-content\/uploads\/2020\/06\/capcalera-raimat-escut-logo-paeria.png","contentUrl":"https:\/\/raimat.paeria.cat\/web\/wp-content\/uploads\/2020\/06\/capcalera-raimat-escut-logo-paeria.png","width":1100,"height":221,"caption":"Ajuntament de Lleida"},"image":{"@id":"https:\/\/raimat.paeria.cat\/web\/#\/schema\/logo\/image\/"}},{"@type":"Person","@id":"https:\/\/raimat.paeria.cat\/web\/#\/schema\/person\/436cb0033edeed67ebda7935d7e6e6af","name":"Ivan Fern\u00e0ndez","image":{"@type":"ImageObject","inLanguage":"ca","@id":"https:\/\/secure.gravatar.com\/avatar\/f8016286519d26ac2ed7b7b03c4315bc3e342e37ae341328a35d43a06c531c72?s=96&d=mm&r=g","url":"https:\/\/secure.gravatar.com\/avatar\/f8016286519d26ac2ed7b7b03c4315bc3e342e37ae341328a35d43a06c531c72?s=96&d=mm&r=g","contentUrl":"https:\/\/secure.gravatar.com\/avatar\/f8016286519d26ac2ed7b7b03c4315bc3e342e37ae341328a35d43a06c531c72?s=96&d=mm&r=g","caption":"Ivan Fern\u00e0ndez"}}]}},"_links":{"self":[{"href":"https:\/\/raimat.paeria.cat\/web\/wp-json\/wp\/v2\/posts\/2792","targetHints":{"allow":["GET"]}}],"collection":[{"href":"https:\/\/raimat.paeria.cat\/web\/wp-json\/wp\/v2\/posts"}],"about":[{"href":"https:\/\/raimat.paeria.cat\/web\/wp-json\/wp\/v2\/types\/post"}],"author":[{"embeddable":true,"href":"https:\/\/raimat.paeria.cat\/web\/wp-json\/wp\/v2\/users\/11"}],"replies":[{"embeddable":true,"href":"https:\/\/raimat.paeria.cat\/web\/wp-json\/wp\/v2\/comments?post=2792"}],"version-history":[{"count":0,"href":"https:\/\/raimat.paeria.cat\/web\/wp-json\/wp\/v2\/posts\/2792\/revisions"}],"wp:attachment":[{"href":"https:\/\/raimat.paeria.cat\/web\/wp-json\/wp\/v2\/media?parent=2792"}],"wp:term":[{"taxonomy":"category","embeddable":true,"href":"https:\/\/raimat.paeria.cat\/web\/wp-json\/wp\/v2\/categories?post=2792"},{"taxonomy":"post_tag","embeddable":true,"href":"https:\/\/raimat.paeria.cat\/web\/wp-json\/wp\/v2\/tags?post=2792"}],"curies":[{"name":"wp","href":"https:\/\/api.w.org\/{rel}","templated":true}]}}