{"id":2580,"date":"2023-03-30T13:04:18","date_gmt":"2023-03-30T11:04:18","guid":{"rendered":"https:\/\/raimat.paeria.cat\/web\/?p=2580"},"modified":"2023-04-03T13:13:19","modified_gmt":"2023-04-03T11:13:19","slug":"contractacio-publica-concessio-de-lexplotacio-del-servei-del-bar-complex-esportiu-del-parc-de-les-piscines-de-raimat-2","status":"publish","type":"post","link":"https:\/\/raimat.paeria.cat\/web\/contractacio-publica-concessio-de-lexplotacio-del-servei-del-bar-complex-esportiu-del-parc-de-les-piscines-de-raimat-2\/","title":{"rendered":"Contractaci\u00f3 P\u00fablica: Concessi\u00f3 de l\u2019explotaci\u00f3 del servei del bar complex esportiu del parc de les piscines de Raimat"},"content":{"rendered":"\t\t<div data-elementor-type=\"wp-post\" data-elementor-id=\"2580\" class=\"elementor elementor-2580\">\n\t\t\t\t\t\t<section class=\"elementor-section elementor-top-section elementor-element elementor-element-2af54ba elementor-section-boxed elementor-section-height-default elementor-section-height-default\" data-id=\"2af54ba\" data-element_type=\"section\" data-e-type=\"section\">\n\t\t\t\t\t\t<div class=\"elementor-container elementor-column-gap-default\">\n\t\t\t\t\t<div class=\"elementor-column elementor-col-100 elementor-top-column elementor-element elementor-element-06c8ae2\" data-id=\"06c8ae2\" data-element_type=\"column\" data-e-type=\"column\">\n\t\t\t<div class=\"elementor-widget-wrap elementor-element-populated\">\n\t\t\t\t\t\t<div class=\"elementor-element elementor-element-f374f7b elementor-widget elementor-widget-text-editor\" data-id=\"f374f7b\" data-element_type=\"widget\" data-e-type=\"widget\" data-widget_type=\"text-editor.default\">\n\t\t\t\t<div class=\"elementor-widget-container\">\n\t\t\t\t\t\t\t\t\t<p>S&#8217;inicia el per\u00edode de presentaci\u00f3 d\u2019ofertes per la Concessi\u00f3 de l\u2019explotaci\u00f3 del servei del bar complex esportiu del parc de les piscines de Raimat. El termini per presentar les sol\u00b7licituds finalitza l&#8217;<strong>11 d&#8217;abril<\/strong><\/p><p>\u00a0<\/p><p>Podeu consultar les bases de la convocat\u00f2ria en el seg\u00fcent enlla\u00e7:\u00a0 <a href=\"https:\/\/contractaciopublica.cat\/ca\/detall-publicacio\/200023149?fbclid=IwAR2UvTu9LB7fPFytGjAO1IvfepbBJLYXjulirRPbdn30qx-9KqO6TYIllAk\" target=\"_blank\" rel=\"noopener\">contractaci\u00f3 p\u00fablica<\/a><\/p><p>\u00a0<\/p>\t\t\t\t\t\t\t\t<\/div>\n\t\t\t\t<\/div>\n\t\t\t\t\t<\/div>\n\t\t<\/div>\n\t\t\t\t\t<\/div>\n\t\t<\/section>\n\t\t\t\t<\/div>\n\t\t","protected":false},"excerpt":{"rendered":"<p>S&#8217;inicia el per\u00edode de presentaci\u00f3 d\u2019ofertes per la Concessi\u00f3 de l\u2019explotaci\u00f3 del servei del bar complex esportiu del parc de les piscines de Raimat. El termini per presentar les sol\u00b7licituds finalitza l&#8217;11 d&#8217;abril Podeu consultar les bases de la convocat\u00f2ria en el seg\u00fcent enlla\u00e7:&nbsp; contractaci\u00f3 p\u00fablica<\/p>\n","protected":false},"author":8,"featured_media":2574,"comment_status":"closed","ping_status":"closed","sticky":false,"template":"","format":"standard","meta":{"footnotes":""},"categories":[5],"tags":[],"class_list":["post-2580","post","type-post","status-publish","format-standard","has-post-thumbnail","hentry","category-noticia"],"yoast_head":"<!-- This site is optimized with the Yoast SEO plugin v27.5 - https:\/\/yoast.com\/product\/yoast-seo-wordpress\/ -->\n<title>Contractaci\u00f3 P\u00fablica: Concessi\u00f3 de l\u2019explotaci\u00f3 del servei del bar complex esportiu del parc de les piscines de Raimat - Entitat Municipal Descentralitzada de Raimat - La Paeria - Ajuntament Lleida<\/title>\n<meta name=\"robots\" content=\"index, follow, max-snippet:-1, max-image-preview:large, max-video-preview:-1\" \/>\n<link rel=\"canonical\" href=\"https:\/\/raimat.paeria.cat\/web\/contractacio-publica-concessio-de-lexplotacio-del-servei-del-bar-complex-esportiu-del-parc-de-les-piscines-de-raimat-2\/\" \/>\n<meta property=\"og:locale\" content=\"ca_ES\" \/>\n<meta property=\"og:type\" content=\"article\" \/>\n<meta property=\"og:title\" content=\"Contractaci\u00f3 P\u00fablica: Concessi\u00f3 de l\u2019explotaci\u00f3 del servei del bar complex esportiu del parc de les piscines de Raimat - Entitat Municipal Descentralitzada de Raimat - La Paeria - Ajuntament Lleida\" \/>\n<meta property=\"og:description\" content=\"S&#8217;inicia el per\u00edode de presentaci\u00f3 d\u2019ofertes per la Concessi\u00f3 de l\u2019explotaci\u00f3 del servei del bar complex esportiu del parc de les piscines de Raimat. El termini per presentar les sol\u00b7licituds finalitza l&#8217;11 d&#8217;abril Podeu consultar les bases de la convocat\u00f2ria en el seg\u00fcent enlla\u00e7:&nbsp; contractaci\u00f3 p\u00fablica\" \/>\n<meta property=\"og:url\" content=\"https:\/\/raimat.paeria.cat\/web\/contractacio-publica-concessio-de-lexplotacio-del-servei-del-bar-complex-esportiu-del-parc-de-les-piscines-de-raimat-2\/\" \/>\n<meta property=\"og:site_name\" content=\"Entitat Municipal Descentralitzada de Raimat - La Paeria - Ajuntament Lleida\" \/>\n<meta property=\"article:published_time\" content=\"2023-03-30T11:04:18+00:00\" \/>\n<meta property=\"article:modified_time\" content=\"2023-04-03T11:13:19+00:00\" \/>\n<meta property=\"og:image\" content=\"https:\/\/raimat.paeria.cat\/web\/wp-content\/uploads\/2023\/04\/emd-raimat-fb.jpg\" \/>\n\t<meta property=\"og:image:width\" content=\"749\" \/>\n\t<meta property=\"og:image:height\" content=\"646\" \/>\n\t<meta property=\"og:image:type\" content=\"image\/jpeg\" \/>\n<meta name=\"author\" content=\"admin-raimat\" \/>\n<meta name=\"twitter:card\" content=\"summary_large_image\" \/>\n<meta name=\"twitter:label1\" content=\"Escrit per\" \/>\n\t<meta name=\"twitter:data1\" content=\"admin-raimat\" \/>\n\t<meta name=\"twitter:label2\" content=\"Temps estimat de lectura\" \/>\n\t<meta name=\"twitter:data2\" content=\"1 minut\" \/>\n<script type=\"application\/ld+json\" class=\"yoast-schema-graph\">{\"@context\":\"https:\\\/\\\/schema.org\",\"@graph\":[{\"@type\":\"Article\",\"@id\":\"https:\\\/\\\/raimat.paeria.cat\\\/web\\\/contractacio-publica-concessio-de-lexplotacio-del-servei-del-bar-complex-esportiu-del-parc-de-les-piscines-de-raimat-2\\\/#article\",\"isPartOf\":{\"@id\":\"https:\\\/\\\/raimat.paeria.cat\\\/web\\\/contractacio-publica-concessio-de-lexplotacio-del-servei-del-bar-complex-esportiu-del-parc-de-les-piscines-de-raimat-2\\\/\"},\"author\":{\"name\":\"admin-raimat\",\"@id\":\"https:\\\/\\\/raimat.paeria.cat\\\/web\\\/#\\\/schema\\\/person\\\/ba0f22434ab78bf6a029ef2e04462dc4\"},\"headline\":\"Contractaci\u00f3 P\u00fablica: Concessi\u00f3 de l\u2019explotaci\u00f3 del servei del bar complex esportiu del parc de les piscines de Raimat\",\"datePublished\":\"2023-03-30T11:04:18+00:00\",\"dateModified\":\"2023-04-03T11:13:19+00:00\",\"mainEntityOfPage\":{\"@id\":\"https:\\\/\\\/raimat.paeria.cat\\\/web\\\/contractacio-publica-concessio-de-lexplotacio-del-servei-del-bar-complex-esportiu-del-parc-de-les-piscines-de-raimat-2\\\/\"},\"wordCount\":76,\"publisher\":{\"@id\":\"https:\\\/\\\/raimat.paeria.cat\\\/web\\\/#organization\"},\"image\":{\"@id\":\"https:\\\/\\\/raimat.paeria.cat\\\/web\\\/contractacio-publica-concessio-de-lexplotacio-del-servei-del-bar-complex-esportiu-del-parc-de-les-piscines-de-raimat-2\\\/#primaryimage\"},\"thumbnailUrl\":\"https:\\\/\\\/raimat.paeria.cat\\\/web\\\/wp-content\\\/uploads\\\/2023\\\/04\\\/emd-raimat-fb.jpg\",\"articleSection\":[\"not\u00edcia\"],\"inLanguage\":\"ca\"},{\"@type\":\"WebPage\",\"@id\":\"https:\\\/\\\/raimat.paeria.cat\\\/web\\\/contractacio-publica-concessio-de-lexplotacio-del-servei-del-bar-complex-esportiu-del-parc-de-les-piscines-de-raimat-2\\\/\",\"url\":\"https:\\\/\\\/raimat.paeria.cat\\\/web\\\/contractacio-publica-concessio-de-lexplotacio-del-servei-del-bar-complex-esportiu-del-parc-de-les-piscines-de-raimat-2\\\/\",\"name\":\"Contractaci\u00f3 P\u00fablica: Concessi\u00f3 de l\u2019explotaci\u00f3 del servei del bar complex esportiu del parc de les piscines de Raimat - Entitat Municipal Descentralitzada de Raimat - La Paeria - Ajuntament Lleida\",\"isPartOf\":{\"@id\":\"https:\\\/\\\/raimat.paeria.cat\\\/web\\\/#website\"},\"primaryImageOfPage\":{\"@id\":\"https:\\\/\\\/raimat.paeria.cat\\\/web\\\/contractacio-publica-concessio-de-lexplotacio-del-servei-del-bar-complex-esportiu-del-parc-de-les-piscines-de-raimat-2\\\/#primaryimage\"},\"image\":{\"@id\":\"https:\\\/\\\/raimat.paeria.cat\\\/web\\\/contractacio-publica-concessio-de-lexplotacio-del-servei-del-bar-complex-esportiu-del-parc-de-les-piscines-de-raimat-2\\\/#primaryimage\"},\"thumbnailUrl\":\"https:\\\/\\\/raimat.paeria.cat\\\/web\\\/wp-content\\\/uploads\\\/2023\\\/04\\\/emd-raimat-fb.jpg\",\"datePublished\":\"2023-03-30T11:04:18+00:00\",\"dateModified\":\"2023-04-03T11:13:19+00:00\",\"breadcrumb\":{\"@id\":\"https:\\\/\\\/raimat.paeria.cat\\\/web\\\/contractacio-publica-concessio-de-lexplotacio-del-servei-del-bar-complex-esportiu-del-parc-de-les-piscines-de-raimat-2\\\/#breadcrumb\"},\"inLanguage\":\"ca\",\"potentialAction\":[{\"@type\":\"ReadAction\",\"target\":[\"https:\\\/\\\/raimat.paeria.cat\\\/web\\\/contractacio-publica-concessio-de-lexplotacio-del-servei-del-bar-complex-esportiu-del-parc-de-les-piscines-de-raimat-2\\\/\"]}]},{\"@type\":\"ImageObject\",\"inLanguage\":\"ca\",\"@id\":\"https:\\\/\\\/raimat.paeria.cat\\\/web\\\/contractacio-publica-concessio-de-lexplotacio-del-servei-del-bar-complex-esportiu-del-parc-de-les-piscines-de-raimat-2\\\/#primaryimage\",\"url\":\"https:\\\/\\\/raimat.paeria.cat\\\/web\\\/wp-content\\\/uploads\\\/2023\\\/04\\\/emd-raimat-fb.jpg\",\"contentUrl\":\"https:\\\/\\\/raimat.paeria.cat\\\/web\\\/wp-content\\\/uploads\\\/2023\\\/04\\\/emd-raimat-fb.jpg\",\"width\":749,\"height\":646,\"caption\":\"imatge pla\u00e7a raimat\"},{\"@type\":\"BreadcrumbList\",\"@id\":\"https:\\\/\\\/raimat.paeria.cat\\\/web\\\/contractacio-publica-concessio-de-lexplotacio-del-servei-del-bar-complex-esportiu-del-parc-de-les-piscines-de-raimat-2\\\/#breadcrumb\",\"itemListElement\":[{\"@type\":\"ListItem\",\"position\":1,\"name\":\"Inici\",\"item\":\"https:\\\/\\\/raimat.paeria.cat\\\/web\\\/\"},{\"@type\":\"ListItem\",\"position\":2,\"name\":\"Contractaci\u00f3 P\u00fablica: Concessi\u00f3 de l\u2019explotaci\u00f3 del servei del bar complex esportiu del parc de les piscines de Raimat\"}]},{\"@type\":\"WebSite\",\"@id\":\"https:\\\/\\\/raimat.paeria.cat\\\/web\\\/#website\",\"url\":\"https:\\\/\\\/raimat.paeria.cat\\\/web\\\/\",\"name\":\"Entitat Municipal Descentralitzada de Raimat - La Paeria - Ajuntament Lleida\",\"description\":\"Entitat Municipal Descentralitzada de Raimat\",\"publisher\":{\"@id\":\"https:\\\/\\\/raimat.paeria.cat\\\/web\\\/#organization\"},\"potentialAction\":[{\"@type\":\"SearchAction\",\"target\":{\"@type\":\"EntryPoint\",\"urlTemplate\":\"https:\\\/\\\/raimat.paeria.cat\\\/web\\\/?s={search_term_string}\"},\"query-input\":{\"@type\":\"PropertyValueSpecification\",\"valueRequired\":true,\"valueName\":\"search_term_string\"}}],\"inLanguage\":\"ca\"},{\"@type\":\"Organization\",\"@id\":\"https:\\\/\\\/raimat.paeria.cat\\\/web\\\/#organization\",\"name\":\"Ajuntament de Lleida\",\"url\":\"https:\\\/\\\/raimat.paeria.cat\\\/web\\\/\",\"logo\":{\"@type\":\"ImageObject\",\"inLanguage\":\"ca\",\"@id\":\"https:\\\/\\\/raimat.paeria.cat\\\/web\\\/#\\\/schema\\\/logo\\\/image\\\/\",\"url\":\"https:\\\/\\\/raimat.paeria.cat\\\/web\\\/wp-content\\\/uploads\\\/2020\\\/06\\\/capcalera-raimat-escut-logo-paeria.png\",\"contentUrl\":\"https:\\\/\\\/raimat.paeria.cat\\\/web\\\/wp-content\\\/uploads\\\/2020\\\/06\\\/capcalera-raimat-escut-logo-paeria.png\",\"width\":1100,\"height\":221,\"caption\":\"Ajuntament de Lleida\"},\"image\":{\"@id\":\"https:\\\/\\\/raimat.paeria.cat\\\/web\\\/#\\\/schema\\\/logo\\\/image\\\/\"}},{\"@type\":\"Person\",\"@id\":\"https:\\\/\\\/raimat.paeria.cat\\\/web\\\/#\\\/schema\\\/person\\\/ba0f22434ab78bf6a029ef2e04462dc4\",\"name\":\"admin-raimat\",\"image\":{\"@type\":\"ImageObject\",\"inLanguage\":\"ca\",\"@id\":\"https:\\\/\\\/secure.gravatar.com\\\/avatar\\\/39d6f7310fb8e00922e62cd7874fc55ca093e469510e63ac6c59e78eb978addc?s=96&d=mm&r=g\",\"url\":\"https:\\\/\\\/secure.gravatar.com\\\/avatar\\\/39d6f7310fb8e00922e62cd7874fc55ca093e469510e63ac6c59e78eb978addc?s=96&d=mm&r=g\",\"contentUrl\":\"https:\\\/\\\/secure.gravatar.com\\\/avatar\\\/39d6f7310fb8e00922e62cd7874fc55ca093e469510e63ac6c59e78eb978addc?s=96&d=mm&r=g\",\"caption\":\"admin-raimat\"}}]}<\/script>\n<!-- \/ Yoast SEO plugin. -->","yoast_head_json":{"title":"Contractaci\u00f3 P\u00fablica: Concessi\u00f3 de l\u2019explotaci\u00f3 del servei del bar complex esportiu del parc de les piscines de Raimat - Entitat Municipal Descentralitzada de Raimat - La Paeria - Ajuntament Lleida","robots":{"index":"index","follow":"follow","max-snippet":"max-snippet:-1","max-image-preview":"max-image-preview:large","max-video-preview":"max-video-preview:-1"},"canonical":"https:\/\/raimat.paeria.cat\/web\/contractacio-publica-concessio-de-lexplotacio-del-servei-del-bar-complex-esportiu-del-parc-de-les-piscines-de-raimat-2\/","og_locale":"ca_ES","og_type":"article","og_title":"Contractaci\u00f3 P\u00fablica: Concessi\u00f3 de l\u2019explotaci\u00f3 del servei del bar complex esportiu del parc de les piscines de Raimat - Entitat Municipal Descentralitzada de Raimat - La Paeria - Ajuntament Lleida","og_description":"S&#8217;inicia el per\u00edode de presentaci\u00f3 d\u2019ofertes per la Concessi\u00f3 de l\u2019explotaci\u00f3 del servei del bar complex esportiu del parc de les piscines de Raimat. El termini per presentar les sol\u00b7licituds finalitza l&#8217;11 d&#8217;abril Podeu consultar les bases de la convocat\u00f2ria en el seg\u00fcent enlla\u00e7:&nbsp; contractaci\u00f3 p\u00fablica","og_url":"https:\/\/raimat.paeria.cat\/web\/contractacio-publica-concessio-de-lexplotacio-del-servei-del-bar-complex-esportiu-del-parc-de-les-piscines-de-raimat-2\/","og_site_name":"Entitat Municipal Descentralitzada de Raimat - La Paeria - Ajuntament Lleida","article_published_time":"2023-03-30T11:04:18+00:00","article_modified_time":"2023-04-03T11:13:19+00:00","og_image":[{"width":749,"height":646,"url":"https:\/\/raimat.paeria.cat\/web\/wp-content\/uploads\/2023\/04\/emd-raimat-fb.jpg","type":"image\/jpeg"}],"author":"admin-raimat","twitter_card":"summary_large_image","twitter_misc":{"Escrit per":"admin-raimat","Temps estimat de lectura":"1 minut"},"schema":{"@context":"https:\/\/schema.org","@graph":[{"@type":"Article","@id":"https:\/\/raimat.paeria.cat\/web\/contractacio-publica-concessio-de-lexplotacio-del-servei-del-bar-complex-esportiu-del-parc-de-les-piscines-de-raimat-2\/#article","isPartOf":{"@id":"https:\/\/raimat.paeria.cat\/web\/contractacio-publica-concessio-de-lexplotacio-del-servei-del-bar-complex-esportiu-del-parc-de-les-piscines-de-raimat-2\/"},"author":{"name":"admin-raimat","@id":"https:\/\/raimat.paeria.cat\/web\/#\/schema\/person\/ba0f22434ab78bf6a029ef2e04462dc4"},"headline":"Contractaci\u00f3 P\u00fablica: Concessi\u00f3 de l\u2019explotaci\u00f3 del servei del bar complex esportiu del parc de les piscines de Raimat","datePublished":"2023-03-30T11:04:18+00:00","dateModified":"2023-04-03T11:13:19+00:00","mainEntityOfPage":{"@id":"https:\/\/raimat.paeria.cat\/web\/contractacio-publica-concessio-de-lexplotacio-del-servei-del-bar-complex-esportiu-del-parc-de-les-piscines-de-raimat-2\/"},"wordCount":76,"publisher":{"@id":"https:\/\/raimat.paeria.cat\/web\/#organization"},"image":{"@id":"https:\/\/raimat.paeria.cat\/web\/contractacio-publica-concessio-de-lexplotacio-del-servei-del-bar-complex-esportiu-del-parc-de-les-piscines-de-raimat-2\/#primaryimage"},"thumbnailUrl":"https:\/\/raimat.paeria.cat\/web\/wp-content\/uploads\/2023\/04\/emd-raimat-fb.jpg","articleSection":["not\u00edcia"],"inLanguage":"ca"},{"@type":"WebPage","@id":"https:\/\/raimat.paeria.cat\/web\/contractacio-publica-concessio-de-lexplotacio-del-servei-del-bar-complex-esportiu-del-parc-de-les-piscines-de-raimat-2\/","url":"https:\/\/raimat.paeria.cat\/web\/contractacio-publica-concessio-de-lexplotacio-del-servei-del-bar-complex-esportiu-del-parc-de-les-piscines-de-raimat-2\/","name":"Contractaci\u00f3 P\u00fablica: Concessi\u00f3 de l\u2019explotaci\u00f3 del servei del bar complex esportiu del parc de les piscines de Raimat - Entitat Municipal Descentralitzada de Raimat - La Paeria - Ajuntament Lleida","isPartOf":{"@id":"https:\/\/raimat.paeria.cat\/web\/#website"},"primaryImageOfPage":{"@id":"https:\/\/raimat.paeria.cat\/web\/contractacio-publica-concessio-de-lexplotacio-del-servei-del-bar-complex-esportiu-del-parc-de-les-piscines-de-raimat-2\/#primaryimage"},"image":{"@id":"https:\/\/raimat.paeria.cat\/web\/contractacio-publica-concessio-de-lexplotacio-del-servei-del-bar-complex-esportiu-del-parc-de-les-piscines-de-raimat-2\/#primaryimage"},"thumbnailUrl":"https:\/\/raimat.paeria.cat\/web\/wp-content\/uploads\/2023\/04\/emd-raimat-fb.jpg","datePublished":"2023-03-30T11:04:18+00:00","dateModified":"2023-04-03T11:13:19+00:00","breadcrumb":{"@id":"https:\/\/raimat.paeria.cat\/web\/contractacio-publica-concessio-de-lexplotacio-del-servei-del-bar-complex-esportiu-del-parc-de-les-piscines-de-raimat-2\/#breadcrumb"},"inLanguage":"ca","potentialAction":[{"@type":"ReadAction","target":["https:\/\/raimat.paeria.cat\/web\/contractacio-publica-concessio-de-lexplotacio-del-servei-del-bar-complex-esportiu-del-parc-de-les-piscines-de-raimat-2\/"]}]},{"@type":"ImageObject","inLanguage":"ca","@id":"https:\/\/raimat.paeria.cat\/web\/contractacio-publica-concessio-de-lexplotacio-del-servei-del-bar-complex-esportiu-del-parc-de-les-piscines-de-raimat-2\/#primaryimage","url":"https:\/\/raimat.paeria.cat\/web\/wp-content\/uploads\/2023\/04\/emd-raimat-fb.jpg","contentUrl":"https:\/\/raimat.paeria.cat\/web\/wp-content\/uploads\/2023\/04\/emd-raimat-fb.jpg","width":749,"height":646,"caption":"imatge pla\u00e7a raimat"},{"@type":"BreadcrumbList","@id":"https:\/\/raimat.paeria.cat\/web\/contractacio-publica-concessio-de-lexplotacio-del-servei-del-bar-complex-esportiu-del-parc-de-les-piscines-de-raimat-2\/#breadcrumb","itemListElement":[{"@type":"ListItem","position":1,"name":"Inici","item":"https:\/\/raimat.paeria.cat\/web\/"},{"@type":"ListItem","position":2,"name":"Contractaci\u00f3 P\u00fablica: Concessi\u00f3 de l\u2019explotaci\u00f3 del servei del bar complex esportiu del parc de les piscines de Raimat"}]},{"@type":"WebSite","@id":"https:\/\/raimat.paeria.cat\/web\/#website","url":"https:\/\/raimat.paeria.cat\/web\/","name":"Entitat Municipal Descentralitzada de Raimat - La Paeria - Ajuntament Lleida","description":"Entitat Municipal Descentralitzada de Raimat","publisher":{"@id":"https:\/\/raimat.paeria.cat\/web\/#organization"},"potentialAction":[{"@type":"SearchAction","target":{"@type":"EntryPoint","urlTemplate":"https:\/\/raimat.paeria.cat\/web\/?s={search_term_string}"},"query-input":{"@type":"PropertyValueSpecification","valueRequired":true,"valueName":"search_term_string"}}],"inLanguage":"ca"},{"@type":"Organization","@id":"https:\/\/raimat.paeria.cat\/web\/#organization","name":"Ajuntament de Lleida","url":"https:\/\/raimat.paeria.cat\/web\/","logo":{"@type":"ImageObject","inLanguage":"ca","@id":"https:\/\/raimat.paeria.cat\/web\/#\/schema\/logo\/image\/","url":"https:\/\/raimat.paeria.cat\/web\/wp-content\/uploads\/2020\/06\/capcalera-raimat-escut-logo-paeria.png","contentUrl":"https:\/\/raimat.paeria.cat\/web\/wp-content\/uploads\/2020\/06\/capcalera-raimat-escut-logo-paeria.png","width":1100,"height":221,"caption":"Ajuntament de Lleida"},"image":{"@id":"https:\/\/raimat.paeria.cat\/web\/#\/schema\/logo\/image\/"}},{"@type":"Person","@id":"https:\/\/raimat.paeria.cat\/web\/#\/schema\/person\/ba0f22434ab78bf6a029ef2e04462dc4","name":"admin-raimat","image":{"@type":"ImageObject","inLanguage":"ca","@id":"https:\/\/secure.gravatar.com\/avatar\/39d6f7310fb8e00922e62cd7874fc55ca093e469510e63ac6c59e78eb978addc?s=96&d=mm&r=g","url":"https:\/\/secure.gravatar.com\/avatar\/39d6f7310fb8e00922e62cd7874fc55ca093e469510e63ac6c59e78eb978addc?s=96&d=mm&r=g","contentUrl":"https:\/\/secure.gravatar.com\/avatar\/39d6f7310fb8e00922e62cd7874fc55ca093e469510e63ac6c59e78eb978addc?s=96&d=mm&r=g","caption":"admin-raimat"}}]}},"_links":{"self":[{"href":"https:\/\/raimat.paeria.cat\/web\/wp-json\/wp\/v2\/posts\/2580","targetHints":{"allow":["GET"]}}],"collection":[{"href":"https:\/\/raimat.paeria.cat\/web\/wp-json\/wp\/v2\/posts"}],"about":[{"href":"https:\/\/raimat.paeria.cat\/web\/wp-json\/wp\/v2\/types\/post"}],"author":[{"embeddable":true,"href":"https:\/\/raimat.paeria.cat\/web\/wp-json\/wp\/v2\/users\/8"}],"replies":[{"embeddable":true,"href":"https:\/\/raimat.paeria.cat\/web\/wp-json\/wp\/v2\/comments?post=2580"}],"version-history":[{"count":0,"href":"https:\/\/raimat.paeria.cat\/web\/wp-json\/wp\/v2\/posts\/2580\/revisions"}],"wp:featuredmedia":[{"embeddable":true,"href":"https:\/\/raimat.paeria.cat\/web\/wp-json\/wp\/v2\/media\/2574"}],"wp:attachment":[{"href":"https:\/\/raimat.paeria.cat\/web\/wp-json\/wp\/v2\/media?parent=2580"}],"wp:term":[{"taxonomy":"category","embeddable":true,"href":"https:\/\/raimat.paeria.cat\/web\/wp-json\/wp\/v2\/categories?post=2580"},{"taxonomy":"post_tag","embeddable":true,"href":"https:\/\/raimat.paeria.cat\/web\/wp-json\/wp\/v2\/tags?post=2580"}],"curies":[{"name":"wp","href":"https:\/\/api.w.org\/{rel}","templated":true}]}}