{"id":2460,"date":"2022-07-21T11:30:00","date_gmt":"2022-07-21T09:30:00","guid":{"rendered":"https:\/\/raimat.paeria.cat\/web\/?p=2460"},"modified":"2023-01-25T12:34:27","modified_gmt":"2023-01-25T10:34:27","slug":"festa-major-2022","status":"publish","type":"post","link":"https:\/\/raimat.paeria.cat\/web\/festa-major-2022\/","title":{"rendered":"Festa Major 2022"},"content":{"rendered":"\t\t<div data-elementor-type=\"wp-post\" data-elementor-id=\"2460\" class=\"elementor elementor-2460\">\n\t\t\t\t\t\t<section class=\"elementor-section elementor-top-section elementor-element elementor-element-2af54ba elementor-section-boxed elementor-section-height-default elementor-section-height-default\" data-id=\"2af54ba\" data-element_type=\"section\" data-e-type=\"section\">\n\t\t\t\t\t\t<div class=\"elementor-container elementor-column-gap-default\">\n\t\t\t\t\t<div class=\"elementor-column elementor-col-100 elementor-top-column elementor-element elementor-element-06c8ae2\" data-id=\"06c8ae2\" data-element_type=\"column\" data-e-type=\"column\">\n\t\t\t<div class=\"elementor-widget-wrap elementor-element-populated\">\n\t\t\t\t\t\t<div class=\"elementor-element elementor-element-f374f7b elementor-widget elementor-widget-text-editor\" data-id=\"f374f7b\" data-element_type=\"widget\" data-e-type=\"widget\" data-widget_type=\"text-editor.default\">\n\t\t\t\t<div class=\"elementor-widget-container\">\n\t\t\t\t\t\t\t\t\t<p><span style=\"text-decoration: underline;\">Raimat Festa Major 2022<\/span> (DEL <strong>28 AL 31 DE JULIOL<\/strong>)<\/p><p><strong>DIJOUS 28 DE JULIOL<\/strong><\/p><ul><li>12:00h \u2013 Repic de Campanes. Estem de Festa Major!<\/li><li>18:30h \u2013 Inauguraci\u00f3 de l\u2019exposici\u00f3 Moss\u00e8n Cinto. Lloc: Sala d\u2019Actes.<\/li><li>19:15h \u2013 Parlaments de les autoritats i preg\u00f3 a c\u00e0rrec de l\u2019Anna Casanovas Llorens. Lloc: Sala d\u2019Actes.<\/li><li>20:00h \u2013 Cercavila pels carrers de Raimat, amb els nostres gegants i capgrossos, no us perdeu el canvi de \u201coutfit\u201d dels nostres veremadors, seguidament batalla de confetti!! A la pista de front\u00f3.<\/li><li>21:30h \u2013 Entrep\u00e0 per a tothom. Podeu adquirir els tiquets de l\u2019entrep\u00e0 a les oficines de l\u2019Associaci\u00f3 de ve\u00efns els dies 18, 19 i 20 de juliol pel mat\u00ed. Preu: 4\u20ac\/tiquet. Pista Poliesportiva.<\/li><li>22:00h \u2013 Ball d\u2019inici de Festa Major amb el t\u00edpic \u201cperreo\u201d dels anys 60. Lloc: Pista Poliesportiva, amb el grup \u201cTrio Alea\u201d.<\/li><li>00:30h \u2013 Tot seguit i fins que la gent aguanti amb el DJ Max.<\/li><\/ul><p>\u00a0<\/p><p><strong>DIVENDRES 29 DE JULIOL<\/strong><\/p><ul><li>9:00h \u2013 Caminada Popular i Esmorzar. Apunta\u2019t a la caminada i adquireix el tiquet per l\u2019esmorzar els dies 18, 19 i 20 de Juliol a les oficines de l\u2019associaci\u00f3 de ve\u00efns. Lloc d\u2019inici: Pla\u00e7a Major.<\/li><li>11:30h \u2013 Parc Aqu\u00e0tic durant tota la jornada (11:30h a 14:30h i de 15:30h a 17:30h). Lloc: Piscines Municipals.<\/li><li>16:00h \u2013 Parc Game Over. Lloc: Sala d\u2019actes.<\/li><li>21:00h \u2013 Corretapes. Amenitzada per la \u201cXaranga Los Zapatillas\u201d pels voltants de la Pla\u00e7a Major. Podeu adquirir els tiquets del corretapes a les oficines de l\u2019Ajuntament o l\u2019Associaci\u00f3 de ve\u00efns els dies 18, 19 i 20 de Juliol pel mat\u00ed. Preu: 10\u20ac\/tiquet (inclou 10 tapes + beguda). Lloc: Recorregut per la Pla\u00e7a Major.<\/li><li>23:30h \u2013 Pista Poliesportiva. Nit de versions amb \u201cBand the Cool\u201d.<\/li><li>3:00h \u2013 Festa Jove, amb el DJ Enric Font.<\/li><\/ul><p>\u00a0<\/p><p><strong>DISSABTE 30 DE JULIOL<\/strong><\/p><ul><li>10:00h \u2013 Campionat de Bitlles a la pista de bitlles.<\/li><li>11:00h \u2013 Activitat per als menuts&#8230;Inflables i Balance Bikes!! Lloc: Pista Poliesportiva.<\/li><li>13:00h \u2013 Concurs de Paelles. Podeu apuntar-vos i recollir els tiquets a la botiga Noelia. Preu per tiquet 2\u20ac. Teniu fins dilluns 25 de Juliol, despr\u00e9s, durant o mentrestant, Concurs de Titellaires de la Cervesa.<\/li><li>18:00h \u2013 Gymkhana de Fang, a la Valleta.<\/li><li>23:30h \u2013 Ball de nit amb l\u2019orquestra \u201cJunior\u2019s\u201d.<\/li><li>3:00h \u2013 Continua la festa amb DJ Moncho.<\/li><\/ul><p>\u00a0<\/p><p><strong>DIUMENGE 31 DE JULIOL<\/strong><\/p><ul><li>11:30h \u2013 Missa Major Cantada, amb la nostra coral Montserratina. Lloc: Esgl\u00e9sia del Sagrat Cor.<\/li><li>12:30h \u2013 Pista Poliesportiva. Homenatge a la gent gran. Acompanyats del grup Gerlen a c\u00e0rrec de l\u2019associaci\u00f3 de ve\u00efns de Raimat.<\/li><li>15:00h \u2013 Pista Poliesportiva. VI Torneig de Botifarra de Raimat.<\/li><li>20:30h \u2013 Pista Poliesportiva. Gran Escala en Hi-fi.<\/li><li>22:30h \u2013 Correfocs.<\/li><\/ul>\t\t\t\t\t\t\t\t<\/div>\n\t\t\t\t<\/div>\n\t\t\t\t\t<\/div>\n\t\t<\/div>\n\t\t\t\t\t<\/div>\n\t\t<\/section>\n\t\t\t\t<\/div>\n\t\t","protected":false},"excerpt":{"rendered":"<p>Raimat Festa Major 2022 (DEL 28 AL 31 DE JULIOL) DIJOUS 28 DE JULIOL 12:00h \u2013 Repic de Campanes. Estem de Festa Major! 18:30h \u2013 Inauguraci\u00f3 de l\u2019exposici\u00f3 Moss\u00e8n Cinto. Lloc: Sala d\u2019Actes. 19:15h \u2013 Parlaments de les autoritats i preg\u00f3 a c\u00e0rrec de l\u2019Anna Casanovas Llorens. Lloc: Sala d\u2019Actes. 20:00h \u2013 Cercavila pels carrers &#8230; <a title=\"Festa Major 2022\" class=\"read-more\" href=\"https:\/\/raimat.paeria.cat\/web\/festa-major-2022\/\" aria-label=\"M\u00e9s informaci\u00f3 sobre Festa Major 2022\">Llegiu m\u00e9s<\/a><\/p>\n","protected":false},"author":8,"featured_media":2461,"comment_status":"closed","ping_status":"closed","sticky":false,"template":"","format":"standard","meta":{"footnotes":""},"categories":[5],"tags":[],"class_list":["post-2460","post","type-post","status-publish","format-standard","has-post-thumbnail","hentry","category-noticia"],"yoast_head":"<!-- This site is optimized with the Yoast SEO plugin v27.5 - https:\/\/yoast.com\/product\/yoast-seo-wordpress\/ -->\n<title>Festa Major 2022 - Entitat Municipal Descentralitzada de Raimat - La Paeria - Ajuntament Lleida<\/title>\n<meta name=\"robots\" content=\"index, follow, max-snippet:-1, max-image-preview:large, max-video-preview:-1\" \/>\n<link rel=\"canonical\" href=\"https:\/\/raimat.paeria.cat\/web\/festa-major-2022\/\" \/>\n<meta property=\"og:locale\" content=\"ca_ES\" \/>\n<meta property=\"og:type\" content=\"article\" \/>\n<meta property=\"og:title\" content=\"Festa Major 2022 - Entitat Municipal Descentralitzada de Raimat - La Paeria - Ajuntament Lleida\" \/>\n<meta property=\"og:description\" content=\"Raimat Festa Major 2022 (DEL 28 AL 31 DE JULIOL) DIJOUS 28 DE JULIOL 12:00h \u2013 Repic de Campanes. Estem de Festa Major! 18:30h \u2013 Inauguraci\u00f3 de l\u2019exposici\u00f3 Moss\u00e8n Cinto. Lloc: Sala d\u2019Actes. 19:15h \u2013 Parlaments de les autoritats i preg\u00f3 a c\u00e0rrec de l\u2019Anna Casanovas Llorens. Lloc: Sala d\u2019Actes. 20:00h \u2013 Cercavila pels carrers ... Llegiu m\u00e9s\" \/>\n<meta property=\"og:url\" content=\"https:\/\/raimat.paeria.cat\/web\/festa-major-2022\/\" \/>\n<meta property=\"og:site_name\" content=\"Entitat Municipal Descentralitzada de Raimat - La Paeria - Ajuntament Lleida\" \/>\n<meta property=\"article:published_time\" content=\"2022-07-21T09:30:00+00:00\" \/>\n<meta property=\"article:modified_time\" content=\"2023-01-25T10:34:27+00:00\" \/>\n<meta property=\"og:image\" content=\"https:\/\/raimat.paeria.cat\/web\/wp-content\/uploads\/2023\/01\/295340957_592991595518083_3010998303701939759_n.jpg\" \/>\n\t<meta property=\"og:image:width\" content=\"514\" \/>\n\t<meta property=\"og:image:height\" content=\"720\" \/>\n\t<meta property=\"og:image:type\" content=\"image\/jpeg\" \/>\n<meta name=\"author\" content=\"admin-raimat\" \/>\n<meta name=\"twitter:card\" content=\"summary_large_image\" \/>\n<meta name=\"twitter:label1\" content=\"Escrit per\" \/>\n\t<meta name=\"twitter:data1\" content=\"admin-raimat\" \/>\n\t<meta name=\"twitter:label2\" content=\"Temps estimat de lectura\" \/>\n\t<meta name=\"twitter:data2\" content=\"3 minuts\" \/>\n<script type=\"application\/ld+json\" class=\"yoast-schema-graph\">{\"@context\":\"https:\\\/\\\/schema.org\",\"@graph\":[{\"@type\":\"Article\",\"@id\":\"https:\\\/\\\/raimat.paeria.cat\\\/web\\\/festa-major-2022\\\/#article\",\"isPartOf\":{\"@id\":\"https:\\\/\\\/raimat.paeria.cat\\\/web\\\/festa-major-2022\\\/\"},\"author\":{\"name\":\"admin-raimat\",\"@id\":\"https:\\\/\\\/raimat.paeria.cat\\\/web\\\/#\\\/schema\\\/person\\\/ba0f22434ab78bf6a029ef2e04462dc4\"},\"headline\":\"Festa Major 2022\",\"datePublished\":\"2022-07-21T09:30:00+00:00\",\"dateModified\":\"2023-01-25T10:34:27+00:00\",\"mainEntityOfPage\":{\"@id\":\"https:\\\/\\\/raimat.paeria.cat\\\/web\\\/festa-major-2022\\\/\"},\"wordCount\":425,\"publisher\":{\"@id\":\"https:\\\/\\\/raimat.paeria.cat\\\/web\\\/#organization\"},\"image\":{\"@id\":\"https:\\\/\\\/raimat.paeria.cat\\\/web\\\/festa-major-2022\\\/#primaryimage\"},\"thumbnailUrl\":\"https:\\\/\\\/raimat.paeria.cat\\\/web\\\/wp-content\\\/uploads\\\/2023\\\/01\\\/295340957_592991595518083_3010998303701939759_n.jpg\",\"articleSection\":[\"not\u00edcia\"],\"inLanguage\":\"ca\"},{\"@type\":\"WebPage\",\"@id\":\"https:\\\/\\\/raimat.paeria.cat\\\/web\\\/festa-major-2022\\\/\",\"url\":\"https:\\\/\\\/raimat.paeria.cat\\\/web\\\/festa-major-2022\\\/\",\"name\":\"Festa Major 2022 - Entitat Municipal Descentralitzada de Raimat - La Paeria - Ajuntament Lleida\",\"isPartOf\":{\"@id\":\"https:\\\/\\\/raimat.paeria.cat\\\/web\\\/#website\"},\"primaryImageOfPage\":{\"@id\":\"https:\\\/\\\/raimat.paeria.cat\\\/web\\\/festa-major-2022\\\/#primaryimage\"},\"image\":{\"@id\":\"https:\\\/\\\/raimat.paeria.cat\\\/web\\\/festa-major-2022\\\/#primaryimage\"},\"thumbnailUrl\":\"https:\\\/\\\/raimat.paeria.cat\\\/web\\\/wp-content\\\/uploads\\\/2023\\\/01\\\/295340957_592991595518083_3010998303701939759_n.jpg\",\"datePublished\":\"2022-07-21T09:30:00+00:00\",\"dateModified\":\"2023-01-25T10:34:27+00:00\",\"breadcrumb\":{\"@id\":\"https:\\\/\\\/raimat.paeria.cat\\\/web\\\/festa-major-2022\\\/#breadcrumb\"},\"inLanguage\":\"ca\",\"potentialAction\":[{\"@type\":\"ReadAction\",\"target\":[\"https:\\\/\\\/raimat.paeria.cat\\\/web\\\/festa-major-2022\\\/\"]}]},{\"@type\":\"ImageObject\",\"inLanguage\":\"ca\",\"@id\":\"https:\\\/\\\/raimat.paeria.cat\\\/web\\\/festa-major-2022\\\/#primaryimage\",\"url\":\"https:\\\/\\\/raimat.paeria.cat\\\/web\\\/wp-content\\\/uploads\\\/2023\\\/01\\\/295340957_592991595518083_3010998303701939759_n.jpg\",\"contentUrl\":\"https:\\\/\\\/raimat.paeria.cat\\\/web\\\/wp-content\\\/uploads\\\/2023\\\/01\\\/295340957_592991595518083_3010998303701939759_n.jpg\",\"width\":514,\"height\":720,\"caption\":\"P\u00f2ster de la Festa Major de Raimat\"},{\"@type\":\"BreadcrumbList\",\"@id\":\"https:\\\/\\\/raimat.paeria.cat\\\/web\\\/festa-major-2022\\\/#breadcrumb\",\"itemListElement\":[{\"@type\":\"ListItem\",\"position\":1,\"name\":\"Inici\",\"item\":\"https:\\\/\\\/raimat.paeria.cat\\\/web\\\/\"},{\"@type\":\"ListItem\",\"position\":2,\"name\":\"Festa Major 2022\"}]},{\"@type\":\"WebSite\",\"@id\":\"https:\\\/\\\/raimat.paeria.cat\\\/web\\\/#website\",\"url\":\"https:\\\/\\\/raimat.paeria.cat\\\/web\\\/\",\"name\":\"Entitat Municipal Descentralitzada de Raimat - La Paeria - Ajuntament Lleida\",\"description\":\"Entitat Municipal Descentralitzada de Raimat\",\"publisher\":{\"@id\":\"https:\\\/\\\/raimat.paeria.cat\\\/web\\\/#organization\"},\"potentialAction\":[{\"@type\":\"SearchAction\",\"target\":{\"@type\":\"EntryPoint\",\"urlTemplate\":\"https:\\\/\\\/raimat.paeria.cat\\\/web\\\/?s={search_term_string}\"},\"query-input\":{\"@type\":\"PropertyValueSpecification\",\"valueRequired\":true,\"valueName\":\"search_term_string\"}}],\"inLanguage\":\"ca\"},{\"@type\":\"Organization\",\"@id\":\"https:\\\/\\\/raimat.paeria.cat\\\/web\\\/#organization\",\"name\":\"Ajuntament de Lleida\",\"url\":\"https:\\\/\\\/raimat.paeria.cat\\\/web\\\/\",\"logo\":{\"@type\":\"ImageObject\",\"inLanguage\":\"ca\",\"@id\":\"https:\\\/\\\/raimat.paeria.cat\\\/web\\\/#\\\/schema\\\/logo\\\/image\\\/\",\"url\":\"https:\\\/\\\/raimat.paeria.cat\\\/web\\\/wp-content\\\/uploads\\\/2020\\\/06\\\/capcalera-raimat-escut-logo-paeria.png\",\"contentUrl\":\"https:\\\/\\\/raimat.paeria.cat\\\/web\\\/wp-content\\\/uploads\\\/2020\\\/06\\\/capcalera-raimat-escut-logo-paeria.png\",\"width\":1100,\"height\":221,\"caption\":\"Ajuntament de Lleida\"},\"image\":{\"@id\":\"https:\\\/\\\/raimat.paeria.cat\\\/web\\\/#\\\/schema\\\/logo\\\/image\\\/\"}},{\"@type\":\"Person\",\"@id\":\"https:\\\/\\\/raimat.paeria.cat\\\/web\\\/#\\\/schema\\\/person\\\/ba0f22434ab78bf6a029ef2e04462dc4\",\"name\":\"admin-raimat\",\"image\":{\"@type\":\"ImageObject\",\"inLanguage\":\"ca\",\"@id\":\"https:\\\/\\\/secure.gravatar.com\\\/avatar\\\/39d6f7310fb8e00922e62cd7874fc55ca093e469510e63ac6c59e78eb978addc?s=96&d=mm&r=g\",\"url\":\"https:\\\/\\\/secure.gravatar.com\\\/avatar\\\/39d6f7310fb8e00922e62cd7874fc55ca093e469510e63ac6c59e78eb978addc?s=96&d=mm&r=g\",\"contentUrl\":\"https:\\\/\\\/secure.gravatar.com\\\/avatar\\\/39d6f7310fb8e00922e62cd7874fc55ca093e469510e63ac6c59e78eb978addc?s=96&d=mm&r=g\",\"caption\":\"admin-raimat\"}}]}<\/script>\n<!-- \/ Yoast SEO plugin. -->","yoast_head_json":{"title":"Festa Major 2022 - Entitat Municipal Descentralitzada de Raimat - La Paeria - Ajuntament Lleida","robots":{"index":"index","follow":"follow","max-snippet":"max-snippet:-1","max-image-preview":"max-image-preview:large","max-video-preview":"max-video-preview:-1"},"canonical":"https:\/\/raimat.paeria.cat\/web\/festa-major-2022\/","og_locale":"ca_ES","og_type":"article","og_title":"Festa Major 2022 - Entitat Municipal Descentralitzada de Raimat - La Paeria - Ajuntament Lleida","og_description":"Raimat Festa Major 2022 (DEL 28 AL 31 DE JULIOL) DIJOUS 28 DE JULIOL 12:00h \u2013 Repic de Campanes. Estem de Festa Major! 18:30h \u2013 Inauguraci\u00f3 de l\u2019exposici\u00f3 Moss\u00e8n Cinto. Lloc: Sala d\u2019Actes. 19:15h \u2013 Parlaments de les autoritats i preg\u00f3 a c\u00e0rrec de l\u2019Anna Casanovas Llorens. Lloc: Sala d\u2019Actes. 20:00h \u2013 Cercavila pels carrers ... Llegiu m\u00e9s","og_url":"https:\/\/raimat.paeria.cat\/web\/festa-major-2022\/","og_site_name":"Entitat Municipal Descentralitzada de Raimat - La Paeria - Ajuntament Lleida","article_published_time":"2022-07-21T09:30:00+00:00","article_modified_time":"2023-01-25T10:34:27+00:00","og_image":[{"width":514,"height":720,"url":"https:\/\/raimat.paeria.cat\/web\/wp-content\/uploads\/2023\/01\/295340957_592991595518083_3010998303701939759_n.jpg","type":"image\/jpeg"}],"author":"admin-raimat","twitter_card":"summary_large_image","twitter_misc":{"Escrit per":"admin-raimat","Temps estimat de lectura":"3 minuts"},"schema":{"@context":"https:\/\/schema.org","@graph":[{"@type":"Article","@id":"https:\/\/raimat.paeria.cat\/web\/festa-major-2022\/#article","isPartOf":{"@id":"https:\/\/raimat.paeria.cat\/web\/festa-major-2022\/"},"author":{"name":"admin-raimat","@id":"https:\/\/raimat.paeria.cat\/web\/#\/schema\/person\/ba0f22434ab78bf6a029ef2e04462dc4"},"headline":"Festa Major 2022","datePublished":"2022-07-21T09:30:00+00:00","dateModified":"2023-01-25T10:34:27+00:00","mainEntityOfPage":{"@id":"https:\/\/raimat.paeria.cat\/web\/festa-major-2022\/"},"wordCount":425,"publisher":{"@id":"https:\/\/raimat.paeria.cat\/web\/#organization"},"image":{"@id":"https:\/\/raimat.paeria.cat\/web\/festa-major-2022\/#primaryimage"},"thumbnailUrl":"https:\/\/raimat.paeria.cat\/web\/wp-content\/uploads\/2023\/01\/295340957_592991595518083_3010998303701939759_n.jpg","articleSection":["not\u00edcia"],"inLanguage":"ca"},{"@type":"WebPage","@id":"https:\/\/raimat.paeria.cat\/web\/festa-major-2022\/","url":"https:\/\/raimat.paeria.cat\/web\/festa-major-2022\/","name":"Festa Major 2022 - Entitat Municipal Descentralitzada de Raimat - La Paeria - Ajuntament Lleida","isPartOf":{"@id":"https:\/\/raimat.paeria.cat\/web\/#website"},"primaryImageOfPage":{"@id":"https:\/\/raimat.paeria.cat\/web\/festa-major-2022\/#primaryimage"},"image":{"@id":"https:\/\/raimat.paeria.cat\/web\/festa-major-2022\/#primaryimage"},"thumbnailUrl":"https:\/\/raimat.paeria.cat\/web\/wp-content\/uploads\/2023\/01\/295340957_592991595518083_3010998303701939759_n.jpg","datePublished":"2022-07-21T09:30:00+00:00","dateModified":"2023-01-25T10:34:27+00:00","breadcrumb":{"@id":"https:\/\/raimat.paeria.cat\/web\/festa-major-2022\/#breadcrumb"},"inLanguage":"ca","potentialAction":[{"@type":"ReadAction","target":["https:\/\/raimat.paeria.cat\/web\/festa-major-2022\/"]}]},{"@type":"ImageObject","inLanguage":"ca","@id":"https:\/\/raimat.paeria.cat\/web\/festa-major-2022\/#primaryimage","url":"https:\/\/raimat.paeria.cat\/web\/wp-content\/uploads\/2023\/01\/295340957_592991595518083_3010998303701939759_n.jpg","contentUrl":"https:\/\/raimat.paeria.cat\/web\/wp-content\/uploads\/2023\/01\/295340957_592991595518083_3010998303701939759_n.jpg","width":514,"height":720,"caption":"P\u00f2ster de la Festa Major de Raimat"},{"@type":"BreadcrumbList","@id":"https:\/\/raimat.paeria.cat\/web\/festa-major-2022\/#breadcrumb","itemListElement":[{"@type":"ListItem","position":1,"name":"Inici","item":"https:\/\/raimat.paeria.cat\/web\/"},{"@type":"ListItem","position":2,"name":"Festa Major 2022"}]},{"@type":"WebSite","@id":"https:\/\/raimat.paeria.cat\/web\/#website","url":"https:\/\/raimat.paeria.cat\/web\/","name":"Entitat Municipal Descentralitzada de Raimat - La Paeria - Ajuntament Lleida","description":"Entitat Municipal Descentralitzada de Raimat","publisher":{"@id":"https:\/\/raimat.paeria.cat\/web\/#organization"},"potentialAction":[{"@type":"SearchAction","target":{"@type":"EntryPoint","urlTemplate":"https:\/\/raimat.paeria.cat\/web\/?s={search_term_string}"},"query-input":{"@type":"PropertyValueSpecification","valueRequired":true,"valueName":"search_term_string"}}],"inLanguage":"ca"},{"@type":"Organization","@id":"https:\/\/raimat.paeria.cat\/web\/#organization","name":"Ajuntament de Lleida","url":"https:\/\/raimat.paeria.cat\/web\/","logo":{"@type":"ImageObject","inLanguage":"ca","@id":"https:\/\/raimat.paeria.cat\/web\/#\/schema\/logo\/image\/","url":"https:\/\/raimat.paeria.cat\/web\/wp-content\/uploads\/2020\/06\/capcalera-raimat-escut-logo-paeria.png","contentUrl":"https:\/\/raimat.paeria.cat\/web\/wp-content\/uploads\/2020\/06\/capcalera-raimat-escut-logo-paeria.png","width":1100,"height":221,"caption":"Ajuntament de Lleida"},"image":{"@id":"https:\/\/raimat.paeria.cat\/web\/#\/schema\/logo\/image\/"}},{"@type":"Person","@id":"https:\/\/raimat.paeria.cat\/web\/#\/schema\/person\/ba0f22434ab78bf6a029ef2e04462dc4","name":"admin-raimat","image":{"@type":"ImageObject","inLanguage":"ca","@id":"https:\/\/secure.gravatar.com\/avatar\/39d6f7310fb8e00922e62cd7874fc55ca093e469510e63ac6c59e78eb978addc?s=96&d=mm&r=g","url":"https:\/\/secure.gravatar.com\/avatar\/39d6f7310fb8e00922e62cd7874fc55ca093e469510e63ac6c59e78eb978addc?s=96&d=mm&r=g","contentUrl":"https:\/\/secure.gravatar.com\/avatar\/39d6f7310fb8e00922e62cd7874fc55ca093e469510e63ac6c59e78eb978addc?s=96&d=mm&r=g","caption":"admin-raimat"}}]}},"_links":{"self":[{"href":"https:\/\/raimat.paeria.cat\/web\/wp-json\/wp\/v2\/posts\/2460","targetHints":{"allow":["GET"]}}],"collection":[{"href":"https:\/\/raimat.paeria.cat\/web\/wp-json\/wp\/v2\/posts"}],"about":[{"href":"https:\/\/raimat.paeria.cat\/web\/wp-json\/wp\/v2\/types\/post"}],"author":[{"embeddable":true,"href":"https:\/\/raimat.paeria.cat\/web\/wp-json\/wp\/v2\/users\/8"}],"replies":[{"embeddable":true,"href":"https:\/\/raimat.paeria.cat\/web\/wp-json\/wp\/v2\/comments?post=2460"}],"version-history":[{"count":0,"href":"https:\/\/raimat.paeria.cat\/web\/wp-json\/wp\/v2\/posts\/2460\/revisions"}],"wp:featuredmedia":[{"embeddable":true,"href":"https:\/\/raimat.paeria.cat\/web\/wp-json\/wp\/v2\/media\/2461"}],"wp:attachment":[{"href":"https:\/\/raimat.paeria.cat\/web\/wp-json\/wp\/v2\/media?parent=2460"}],"wp:term":[{"taxonomy":"category","embeddable":true,"href":"https:\/\/raimat.paeria.cat\/web\/wp-json\/wp\/v2\/categories?post=2460"},{"taxonomy":"post_tag","embeddable":true,"href":"https:\/\/raimat.paeria.cat\/web\/wp-json\/wp\/v2\/tags?post=2460"}],"curies":[{"name":"wp","href":"https:\/\/api.w.org\/{rel}","templated":true}]}}