{"id":2408,"date":"2022-12-23T08:23:00","date_gmt":"2022-12-23T06:23:00","guid":{"rendered":"https:\/\/raimat.paeria.cat\/web\/?p=2408"},"modified":"2023-01-13T14:30:05","modified_gmt":"2023-01-13T12:30:05","slug":"tallers-de-nadal","status":"publish","type":"post","link":"https:\/\/raimat.paeria.cat\/web\/tallers-de-nadal\/","title":{"rendered":"Tallers de Nadal"},"content":{"rendered":"\t\t<div data-elementor-type=\"wp-post\" data-elementor-id=\"2408\" class=\"elementor elementor-2408\">\n\t\t\t\t\t\t<section class=\"elementor-section elementor-top-section elementor-element elementor-element-2af54ba elementor-section-boxed elementor-section-height-default elementor-section-height-default\" data-id=\"2af54ba\" data-element_type=\"section\" data-e-type=\"section\">\n\t\t\t\t\t\t<div class=\"elementor-container elementor-column-gap-default\">\n\t\t\t\t\t<div class=\"elementor-column elementor-col-100 elementor-top-column elementor-element elementor-element-06c8ae2\" data-id=\"06c8ae2\" data-element_type=\"column\" data-e-type=\"column\">\n\t\t\t<div class=\"elementor-widget-wrap elementor-element-populated\">\n\t\t\t\t\t\t<div class=\"elementor-element elementor-element-f374f7b elementor-widget elementor-widget-text-editor\" data-id=\"f374f7b\" data-element_type=\"widget\" data-e-type=\"widget\" data-widget_type=\"text-editor.default\">\n\t\t\t\t<div class=\"elementor-widget-container\">\n\t\t\t\t\t\t\t\t\t<div class=\"x11i5rnm xat24cr x1mh8g0r x1vvkbs xdj266r x126k92a\">\n<div dir=\"auto\"><span class=\"x3nfvp2 x1j61x8r x1fcty0u xdj266r xhhsvwb xat24cr xgzva0m xxymvpz xlup9mm x1kky2od\"><img decoding=\"async\" src=\"https:\/\/static.xx.fbcdn.net\/images\/emoji.php\/v9\/t7\/1\/16\/1f384.png\" alt=\"\ud83c\udf84\" width=\"16\" height=\"16\"><\/span>Tallers de Nadal<span class=\"x3nfvp2 x1j61x8r x1fcty0u xdj266r xhhsvwb xat24cr xgzva0m xxymvpz xlup9mm x1kky2od\"><img decoding=\"async\" src=\"https:\/\/static.xx.fbcdn.net\/images\/emoji.php\/v9\/t7\/1\/16\/1f384.png\" alt=\"\ud83c\udf84\" width=\"16\" height=\"16\"><\/span><\/div>\n<div dir=\"auto\">&nbsp;<\/div>\n<div dir=\"auto\"><span class=\"x3nfvp2 x1j61x8r x1fcty0u xdj266r xhhsvwb xat24cr xgzva0m xxymvpz xlup9mm x1kky2od\"><span class=\"x3nfvp2 x1j61x8r x1fcty0u xdj266r xhhsvwb xat24cr xgzva0m xxymvpz xlup9mm x1kky2od\"><img decoding=\"async\" src=\"https:\/\/static.xx.fbcdn.net\/images\/emoji.php\/v9\/tba\/1\/16\/1f4e3.png\" alt=\"\ud83d\udce3\" width=\"16\" height=\"16\"><\/span>Informaci\u00f3 i inscripcions a l&#8217;oficina de l&#8217;Associaci\u00f3 de Ve\u00efns.<span class=\"x3nfvp2 x1j61x8r x1fcty0u xdj266r xhhsvwb xat24cr xgzva0m xxymvpz xlup9mm x1kky2od\"><img decoding=\"async\" src=\"https:\/\/static.xx.fbcdn.net\/images\/emoji.php\/v9\/tba\/1\/16\/1f4e3.png\" alt=\"\ud83d\udce3\" width=\"16\" height=\"16\"><\/span><\/span><\/div>\n<div dir=\"auto\">&nbsp;<\/div>\n<\/div>\n<div class=\"x11i5rnm xat24cr x1mh8g0r x1vvkbs xtlvy1s x126k92a\">\n<div dir=\"auto\"><span style=\"text-decoration: underline;\"><strong>23 de desembre:<\/strong><\/span><\/div>\n<ul>\n<li dir=\"auto\"><strong> 10:00 A 13:00 h:<\/strong> nens\/es (6 a 12 anys).<\/li>\n<li dir=\"auto\"><strong>15:00 A 18:00 h:<\/strong>&nbsp; joves i adults.&nbsp;<\/li>\n<\/ul>\n<div dir=\"auto\">&nbsp;<\/div>\n<div dir=\"auto\"><span style=\"text-decoration: underline;\"><em>PLACES LIMITADES!!<\/em><\/span><\/div>\n<\/div>\t\t\t\t\t\t\t\t<\/div>\n\t\t\t\t<\/div>\n\t\t\t\t\t<\/div>\n\t\t<\/div>\n\t\t\t\t\t<\/div>\n\t\t<\/section>\n\t\t\t\t<\/div>\n\t\t","protected":false},"excerpt":{"rendered":"<p>Tallers de Nadal &nbsp; Informaci\u00f3 i inscripcions a l&#8217;oficina de l&#8217;Associaci\u00f3 de Ve\u00efns. &nbsp; 23 de desembre: 10:00 A 13:00 h: nens\/es (6 a 12 anys). 15:00 A 18:00 h:&nbsp; joves i adults.&nbsp; &nbsp; PLACES LIMITADES!!<\/p>\n","protected":false},"author":8,"featured_media":2409,"comment_status":"closed","ping_status":"closed","sticky":false,"template":"","format":"standard","meta":{"footnotes":""},"categories":[5],"tags":[],"class_list":["post-2408","post","type-post","status-publish","format-standard","has-post-thumbnail","hentry","category-noticia"],"yoast_head":"<!-- This site is optimized with the Yoast SEO plugin v27.5 - https:\/\/yoast.com\/product\/yoast-seo-wordpress\/ -->\n<title>Tallers de Nadal - Entitat Municipal Descentralitzada de Raimat - La Paeria - Ajuntament Lleida<\/title>\n<meta name=\"robots\" content=\"index, follow, max-snippet:-1, max-image-preview:large, max-video-preview:-1\" \/>\n<link rel=\"canonical\" href=\"https:\/\/raimat.paeria.cat\/web\/tallers-de-nadal\/\" \/>\n<meta property=\"og:locale\" content=\"ca_ES\" \/>\n<meta property=\"og:type\" content=\"article\" \/>\n<meta property=\"og:title\" content=\"Tallers de Nadal - Entitat Municipal Descentralitzada de Raimat - La Paeria - Ajuntament Lleida\" \/>\n<meta property=\"og:description\" content=\"Tallers de Nadal &nbsp; Informaci\u00f3 i inscripcions a l&#8217;oficina de l&#8217;Associaci\u00f3 de Ve\u00efns. &nbsp; 23 de desembre: 10:00 A 13:00 h: nens\/es (6 a 12 anys). 15:00 A 18:00 h:&nbsp; joves i adults.&nbsp; &nbsp; PLACES LIMITADES!!\" \/>\n<meta property=\"og:url\" content=\"https:\/\/raimat.paeria.cat\/web\/tallers-de-nadal\/\" \/>\n<meta property=\"og:site_name\" content=\"Entitat Municipal Descentralitzada de Raimat - La Paeria - Ajuntament Lleida\" \/>\n<meta property=\"article:published_time\" content=\"2022-12-23T06:23:00+00:00\" \/>\n<meta property=\"article:modified_time\" content=\"2023-01-13T12:30:05+00:00\" \/>\n<meta property=\"og:image\" content=\"https:\/\/raimat.paeria.cat\/web\/wp-content\/uploads\/2023\/01\/320713979_1567273580439768_5808379826978823750_n.jpg\" \/>\n\t<meta property=\"og:image:width\" content=\"509\" \/>\n\t<meta property=\"og:image:height\" content=\"720\" \/>\n\t<meta property=\"og:image:type\" content=\"image\/jpeg\" \/>\n<meta name=\"author\" content=\"admin-raimat\" \/>\n<meta name=\"twitter:card\" content=\"summary_large_image\" \/>\n<meta name=\"twitter:label1\" content=\"Escrit per\" \/>\n\t<meta name=\"twitter:data1\" content=\"admin-raimat\" \/>\n\t<meta name=\"twitter:label2\" content=\"Temps estimat de lectura\" \/>\n\t<meta name=\"twitter:data2\" content=\"1 minut\" \/>\n<script type=\"application\/ld+json\" class=\"yoast-schema-graph\">{\"@context\":\"https:\\\/\\\/schema.org\",\"@graph\":[{\"@type\":\"Article\",\"@id\":\"https:\\\/\\\/raimat.paeria.cat\\\/web\\\/tallers-de-nadal\\\/#article\",\"isPartOf\":{\"@id\":\"https:\\\/\\\/raimat.paeria.cat\\\/web\\\/tallers-de-nadal\\\/\"},\"author\":{\"name\":\"admin-raimat\",\"@id\":\"https:\\\/\\\/raimat.paeria.cat\\\/web\\\/#\\\/schema\\\/person\\\/ba0f22434ab78bf6a029ef2e04462dc4\"},\"headline\":\"Tallers de Nadal\",\"datePublished\":\"2022-12-23T06:23:00+00:00\",\"dateModified\":\"2023-01-13T12:30:05+00:00\",\"mainEntityOfPage\":{\"@id\":\"https:\\\/\\\/raimat.paeria.cat\\\/web\\\/tallers-de-nadal\\\/\"},\"wordCount\":38,\"publisher\":{\"@id\":\"https:\\\/\\\/raimat.paeria.cat\\\/web\\\/#organization\"},\"image\":{\"@id\":\"https:\\\/\\\/raimat.paeria.cat\\\/web\\\/tallers-de-nadal\\\/#primaryimage\"},\"thumbnailUrl\":\"https:\\\/\\\/raimat.paeria.cat\\\/web\\\/wp-content\\\/uploads\\\/2023\\\/01\\\/320713979_1567273580439768_5808379826978823750_n.jpg\",\"articleSection\":[\"not\u00edcia\"],\"inLanguage\":\"ca\"},{\"@type\":\"WebPage\",\"@id\":\"https:\\\/\\\/raimat.paeria.cat\\\/web\\\/tallers-de-nadal\\\/\",\"url\":\"https:\\\/\\\/raimat.paeria.cat\\\/web\\\/tallers-de-nadal\\\/\",\"name\":\"Tallers de Nadal - Entitat Municipal Descentralitzada de Raimat - La Paeria - Ajuntament Lleida\",\"isPartOf\":{\"@id\":\"https:\\\/\\\/raimat.paeria.cat\\\/web\\\/#website\"},\"primaryImageOfPage\":{\"@id\":\"https:\\\/\\\/raimat.paeria.cat\\\/web\\\/tallers-de-nadal\\\/#primaryimage\"},\"image\":{\"@id\":\"https:\\\/\\\/raimat.paeria.cat\\\/web\\\/tallers-de-nadal\\\/#primaryimage\"},\"thumbnailUrl\":\"https:\\\/\\\/raimat.paeria.cat\\\/web\\\/wp-content\\\/uploads\\\/2023\\\/01\\\/320713979_1567273580439768_5808379826978823750_n.jpg\",\"datePublished\":\"2022-12-23T06:23:00+00:00\",\"dateModified\":\"2023-01-13T12:30:05+00:00\",\"breadcrumb\":{\"@id\":\"https:\\\/\\\/raimat.paeria.cat\\\/web\\\/tallers-de-nadal\\\/#breadcrumb\"},\"inLanguage\":\"ca\",\"potentialAction\":[{\"@type\":\"ReadAction\",\"target\":[\"https:\\\/\\\/raimat.paeria.cat\\\/web\\\/tallers-de-nadal\\\/\"]}]},{\"@type\":\"ImageObject\",\"inLanguage\":\"ca\",\"@id\":\"https:\\\/\\\/raimat.paeria.cat\\\/web\\\/tallers-de-nadal\\\/#primaryimage\",\"url\":\"https:\\\/\\\/raimat.paeria.cat\\\/web\\\/wp-content\\\/uploads\\\/2023\\\/01\\\/320713979_1567273580439768_5808379826978823750_n.jpg\",\"contentUrl\":\"https:\\\/\\\/raimat.paeria.cat\\\/web\\\/wp-content\\\/uploads\\\/2023\\\/01\\\/320713979_1567273580439768_5808379826978823750_n.jpg\",\"width\":509,\"height\":720,\"caption\":\"Imatge dels Tallers de Nadal del 23 de desembre, on s'hi poden veure regals i ornaments nadalencs.\"},{\"@type\":\"BreadcrumbList\",\"@id\":\"https:\\\/\\\/raimat.paeria.cat\\\/web\\\/tallers-de-nadal\\\/#breadcrumb\",\"itemListElement\":[{\"@type\":\"ListItem\",\"position\":1,\"name\":\"Inici\",\"item\":\"https:\\\/\\\/raimat.paeria.cat\\\/web\\\/\"},{\"@type\":\"ListItem\",\"position\":2,\"name\":\"Tallers de Nadal\"}]},{\"@type\":\"WebSite\",\"@id\":\"https:\\\/\\\/raimat.paeria.cat\\\/web\\\/#website\",\"url\":\"https:\\\/\\\/raimat.paeria.cat\\\/web\\\/\",\"name\":\"Entitat Municipal Descentralitzada de Raimat - La Paeria - Ajuntament Lleida\",\"description\":\"Entitat Municipal Descentralitzada de Raimat\",\"publisher\":{\"@id\":\"https:\\\/\\\/raimat.paeria.cat\\\/web\\\/#organization\"},\"potentialAction\":[{\"@type\":\"SearchAction\",\"target\":{\"@type\":\"EntryPoint\",\"urlTemplate\":\"https:\\\/\\\/raimat.paeria.cat\\\/web\\\/?s={search_term_string}\"},\"query-input\":{\"@type\":\"PropertyValueSpecification\",\"valueRequired\":true,\"valueName\":\"search_term_string\"}}],\"inLanguage\":\"ca\"},{\"@type\":\"Organization\",\"@id\":\"https:\\\/\\\/raimat.paeria.cat\\\/web\\\/#organization\",\"name\":\"Ajuntament de Lleida\",\"url\":\"https:\\\/\\\/raimat.paeria.cat\\\/web\\\/\",\"logo\":{\"@type\":\"ImageObject\",\"inLanguage\":\"ca\",\"@id\":\"https:\\\/\\\/raimat.paeria.cat\\\/web\\\/#\\\/schema\\\/logo\\\/image\\\/\",\"url\":\"https:\\\/\\\/raimat.paeria.cat\\\/web\\\/wp-content\\\/uploads\\\/2020\\\/06\\\/capcalera-raimat-escut-logo-paeria.png\",\"contentUrl\":\"https:\\\/\\\/raimat.paeria.cat\\\/web\\\/wp-content\\\/uploads\\\/2020\\\/06\\\/capcalera-raimat-escut-logo-paeria.png\",\"width\":1100,\"height\":221,\"caption\":\"Ajuntament de Lleida\"},\"image\":{\"@id\":\"https:\\\/\\\/raimat.paeria.cat\\\/web\\\/#\\\/schema\\\/logo\\\/image\\\/\"}},{\"@type\":\"Person\",\"@id\":\"https:\\\/\\\/raimat.paeria.cat\\\/web\\\/#\\\/schema\\\/person\\\/ba0f22434ab78bf6a029ef2e04462dc4\",\"name\":\"admin-raimat\",\"image\":{\"@type\":\"ImageObject\",\"inLanguage\":\"ca\",\"@id\":\"https:\\\/\\\/secure.gravatar.com\\\/avatar\\\/39d6f7310fb8e00922e62cd7874fc55ca093e469510e63ac6c59e78eb978addc?s=96&d=mm&r=g\",\"url\":\"https:\\\/\\\/secure.gravatar.com\\\/avatar\\\/39d6f7310fb8e00922e62cd7874fc55ca093e469510e63ac6c59e78eb978addc?s=96&d=mm&r=g\",\"contentUrl\":\"https:\\\/\\\/secure.gravatar.com\\\/avatar\\\/39d6f7310fb8e00922e62cd7874fc55ca093e469510e63ac6c59e78eb978addc?s=96&d=mm&r=g\",\"caption\":\"admin-raimat\"}}]}<\/script>\n<!-- \/ Yoast SEO plugin. -->","yoast_head_json":{"title":"Tallers de Nadal - Entitat Municipal Descentralitzada de Raimat - La Paeria - Ajuntament Lleida","robots":{"index":"index","follow":"follow","max-snippet":"max-snippet:-1","max-image-preview":"max-image-preview:large","max-video-preview":"max-video-preview:-1"},"canonical":"https:\/\/raimat.paeria.cat\/web\/tallers-de-nadal\/","og_locale":"ca_ES","og_type":"article","og_title":"Tallers de Nadal - Entitat Municipal Descentralitzada de Raimat - La Paeria - Ajuntament Lleida","og_description":"Tallers de Nadal &nbsp; Informaci\u00f3 i inscripcions a l&#8217;oficina de l&#8217;Associaci\u00f3 de Ve\u00efns. &nbsp; 23 de desembre: 10:00 A 13:00 h: nens\/es (6 a 12 anys). 15:00 A 18:00 h:&nbsp; joves i adults.&nbsp; &nbsp; PLACES LIMITADES!!","og_url":"https:\/\/raimat.paeria.cat\/web\/tallers-de-nadal\/","og_site_name":"Entitat Municipal Descentralitzada de Raimat - La Paeria - Ajuntament Lleida","article_published_time":"2022-12-23T06:23:00+00:00","article_modified_time":"2023-01-13T12:30:05+00:00","og_image":[{"width":509,"height":720,"url":"https:\/\/raimat.paeria.cat\/web\/wp-content\/uploads\/2023\/01\/320713979_1567273580439768_5808379826978823750_n.jpg","type":"image\/jpeg"}],"author":"admin-raimat","twitter_card":"summary_large_image","twitter_misc":{"Escrit per":"admin-raimat","Temps estimat de lectura":"1 minut"},"schema":{"@context":"https:\/\/schema.org","@graph":[{"@type":"Article","@id":"https:\/\/raimat.paeria.cat\/web\/tallers-de-nadal\/#article","isPartOf":{"@id":"https:\/\/raimat.paeria.cat\/web\/tallers-de-nadal\/"},"author":{"name":"admin-raimat","@id":"https:\/\/raimat.paeria.cat\/web\/#\/schema\/person\/ba0f22434ab78bf6a029ef2e04462dc4"},"headline":"Tallers de Nadal","datePublished":"2022-12-23T06:23:00+00:00","dateModified":"2023-01-13T12:30:05+00:00","mainEntityOfPage":{"@id":"https:\/\/raimat.paeria.cat\/web\/tallers-de-nadal\/"},"wordCount":38,"publisher":{"@id":"https:\/\/raimat.paeria.cat\/web\/#organization"},"image":{"@id":"https:\/\/raimat.paeria.cat\/web\/tallers-de-nadal\/#primaryimage"},"thumbnailUrl":"https:\/\/raimat.paeria.cat\/web\/wp-content\/uploads\/2023\/01\/320713979_1567273580439768_5808379826978823750_n.jpg","articleSection":["not\u00edcia"],"inLanguage":"ca"},{"@type":"WebPage","@id":"https:\/\/raimat.paeria.cat\/web\/tallers-de-nadal\/","url":"https:\/\/raimat.paeria.cat\/web\/tallers-de-nadal\/","name":"Tallers de Nadal - Entitat Municipal Descentralitzada de Raimat - La Paeria - Ajuntament Lleida","isPartOf":{"@id":"https:\/\/raimat.paeria.cat\/web\/#website"},"primaryImageOfPage":{"@id":"https:\/\/raimat.paeria.cat\/web\/tallers-de-nadal\/#primaryimage"},"image":{"@id":"https:\/\/raimat.paeria.cat\/web\/tallers-de-nadal\/#primaryimage"},"thumbnailUrl":"https:\/\/raimat.paeria.cat\/web\/wp-content\/uploads\/2023\/01\/320713979_1567273580439768_5808379826978823750_n.jpg","datePublished":"2022-12-23T06:23:00+00:00","dateModified":"2023-01-13T12:30:05+00:00","breadcrumb":{"@id":"https:\/\/raimat.paeria.cat\/web\/tallers-de-nadal\/#breadcrumb"},"inLanguage":"ca","potentialAction":[{"@type":"ReadAction","target":["https:\/\/raimat.paeria.cat\/web\/tallers-de-nadal\/"]}]},{"@type":"ImageObject","inLanguage":"ca","@id":"https:\/\/raimat.paeria.cat\/web\/tallers-de-nadal\/#primaryimage","url":"https:\/\/raimat.paeria.cat\/web\/wp-content\/uploads\/2023\/01\/320713979_1567273580439768_5808379826978823750_n.jpg","contentUrl":"https:\/\/raimat.paeria.cat\/web\/wp-content\/uploads\/2023\/01\/320713979_1567273580439768_5808379826978823750_n.jpg","width":509,"height":720,"caption":"Imatge dels Tallers de Nadal del 23 de desembre, on s'hi poden veure regals i ornaments nadalencs."},{"@type":"BreadcrumbList","@id":"https:\/\/raimat.paeria.cat\/web\/tallers-de-nadal\/#breadcrumb","itemListElement":[{"@type":"ListItem","position":1,"name":"Inici","item":"https:\/\/raimat.paeria.cat\/web\/"},{"@type":"ListItem","position":2,"name":"Tallers de Nadal"}]},{"@type":"WebSite","@id":"https:\/\/raimat.paeria.cat\/web\/#website","url":"https:\/\/raimat.paeria.cat\/web\/","name":"Entitat Municipal Descentralitzada de Raimat - La Paeria - Ajuntament Lleida","description":"Entitat Municipal Descentralitzada de Raimat","publisher":{"@id":"https:\/\/raimat.paeria.cat\/web\/#organization"},"potentialAction":[{"@type":"SearchAction","target":{"@type":"EntryPoint","urlTemplate":"https:\/\/raimat.paeria.cat\/web\/?s={search_term_string}"},"query-input":{"@type":"PropertyValueSpecification","valueRequired":true,"valueName":"search_term_string"}}],"inLanguage":"ca"},{"@type":"Organization","@id":"https:\/\/raimat.paeria.cat\/web\/#organization","name":"Ajuntament de Lleida","url":"https:\/\/raimat.paeria.cat\/web\/","logo":{"@type":"ImageObject","inLanguage":"ca","@id":"https:\/\/raimat.paeria.cat\/web\/#\/schema\/logo\/image\/","url":"https:\/\/raimat.paeria.cat\/web\/wp-content\/uploads\/2020\/06\/capcalera-raimat-escut-logo-paeria.png","contentUrl":"https:\/\/raimat.paeria.cat\/web\/wp-content\/uploads\/2020\/06\/capcalera-raimat-escut-logo-paeria.png","width":1100,"height":221,"caption":"Ajuntament de Lleida"},"image":{"@id":"https:\/\/raimat.paeria.cat\/web\/#\/schema\/logo\/image\/"}},{"@type":"Person","@id":"https:\/\/raimat.paeria.cat\/web\/#\/schema\/person\/ba0f22434ab78bf6a029ef2e04462dc4","name":"admin-raimat","image":{"@type":"ImageObject","inLanguage":"ca","@id":"https:\/\/secure.gravatar.com\/avatar\/39d6f7310fb8e00922e62cd7874fc55ca093e469510e63ac6c59e78eb978addc?s=96&d=mm&r=g","url":"https:\/\/secure.gravatar.com\/avatar\/39d6f7310fb8e00922e62cd7874fc55ca093e469510e63ac6c59e78eb978addc?s=96&d=mm&r=g","contentUrl":"https:\/\/secure.gravatar.com\/avatar\/39d6f7310fb8e00922e62cd7874fc55ca093e469510e63ac6c59e78eb978addc?s=96&d=mm&r=g","caption":"admin-raimat"}}]}},"_links":{"self":[{"href":"https:\/\/raimat.paeria.cat\/web\/wp-json\/wp\/v2\/posts\/2408","targetHints":{"allow":["GET"]}}],"collection":[{"href":"https:\/\/raimat.paeria.cat\/web\/wp-json\/wp\/v2\/posts"}],"about":[{"href":"https:\/\/raimat.paeria.cat\/web\/wp-json\/wp\/v2\/types\/post"}],"author":[{"embeddable":true,"href":"https:\/\/raimat.paeria.cat\/web\/wp-json\/wp\/v2\/users\/8"}],"replies":[{"embeddable":true,"href":"https:\/\/raimat.paeria.cat\/web\/wp-json\/wp\/v2\/comments?post=2408"}],"version-history":[{"count":0,"href":"https:\/\/raimat.paeria.cat\/web\/wp-json\/wp\/v2\/posts\/2408\/revisions"}],"wp:featuredmedia":[{"embeddable":true,"href":"https:\/\/raimat.paeria.cat\/web\/wp-json\/wp\/v2\/media\/2409"}],"wp:attachment":[{"href":"https:\/\/raimat.paeria.cat\/web\/wp-json\/wp\/v2\/media?parent=2408"}],"wp:term":[{"taxonomy":"category","embeddable":true,"href":"https:\/\/raimat.paeria.cat\/web\/wp-json\/wp\/v2\/categories?post=2408"},{"taxonomy":"post_tag","embeddable":true,"href":"https:\/\/raimat.paeria.cat\/web\/wp-json\/wp\/v2\/tags?post=2408"}],"curies":[{"name":"wp","href":"https:\/\/api.w.org\/{rel}","templated":true}]}}