{"id":2397,"date":"2022-12-17T08:14:00","date_gmt":"2022-12-17T06:14:00","guid":{"rendered":"https:\/\/raimat.paeria.cat\/web\/?p=2397"},"modified":"2023-01-13T14:22:36","modified_gmt":"2023-01-13T12:22:36","slug":"activitats-solidaries-amb-la-marato-de-tv3","status":"publish","type":"post","link":"https:\/\/raimat.paeria.cat\/web\/activitats-solidaries-amb-la-marato-de-tv3\/","title":{"rendered":"Activitats solid\u00e0ries amb la marat\u00f3 de TV3"},"content":{"rendered":"\t\t<div data-elementor-type=\"wp-post\" data-elementor-id=\"2397\" class=\"elementor elementor-2397\">\n\t\t\t\t\t\t<section class=\"elementor-section elementor-top-section elementor-element elementor-element-2af54ba elementor-section-boxed elementor-section-height-default elementor-section-height-default\" data-id=\"2af54ba\" data-element_type=\"section\" data-e-type=\"section\">\n\t\t\t\t\t\t<div class=\"elementor-container elementor-column-gap-default\">\n\t\t\t\t\t<div class=\"elementor-column elementor-col-100 elementor-top-column elementor-element elementor-element-06c8ae2\" data-id=\"06c8ae2\" data-element_type=\"column\" data-e-type=\"column\">\n\t\t\t<div class=\"elementor-widget-wrap elementor-element-populated\">\n\t\t\t\t\t\t<div class=\"elementor-element elementor-element-f374f7b elementor-widget elementor-widget-text-editor\" data-id=\"f374f7b\" data-element_type=\"widget\" data-e-type=\"widget\" data-widget_type=\"text-editor.default\">\n\t\t\t\t<div class=\"elementor-widget-container\">\n\t\t\t\t\t\t\t\t\t<p>Dissabte 17 de desembre de 2022:<\/p><ul><li><strong>08:30h. Caminada Llarga Solid\u00e0ria i esmorzar (5\u20ac\/persona)<\/strong>. Inscripci\u00f3 a clubesportiuraimat@gmail.com o a l&#8217;oficina AV Raimat fins el dia <strong>15 de desembre<\/strong>. <em>Organitza Club Esportiu Raimat<\/em>.<\/li><li><strong>09:00h. Caminada Familiar Solid\u00e0ria i esmorzar (5\u20ac\/persona)<\/strong>. Inscripci\u00f3 a clubesportiuraimat@gmail.com o a l&#8217;oficina AV Raimat fins el dia <strong>15 de desembre<\/strong>. <em>Organitza Club Esportiu Raimat<\/em>.<\/li><li><strong>09:00h. Mercat Solidari<\/strong>. <em>Organitza Associaci\u00f3 Ve\u00efns Raimat<\/em>.<\/li><li><strong>10:30h. Esmorzar Solidari (5\u20ac\/persona)<\/strong>. Si vols esmorzar i no t&#8217;has inscrit a la caminada, pots recollir el teu tiquet per l&#8217;esmorzar a l&#8217;oficina de l&#8217;AV Raimat <strong>(dies 9-12-13-i 15 de desembre de 17h a 20h)<\/strong>.<em> Organitza Associaci\u00f3 Ve\u00efns Raimat<\/em>.<\/li><li><strong>10:30h. Rifa Solid\u00e0ria<\/strong>. Podeu adquirir les tires de la Rifa <strong>(1\u20ac\/tira)<\/strong> a l&#8217;oficina de l&#8217;AV de Raimat, Botiga Noelia, Ana Cabezas, Perruqueria Joana i el mateix dia de la rifa. <em>Organitza Associaci\u00f3 Ve\u00efns Raimat<\/em>.<\/li><li><strong>12:00h. Tirada de Bitlles Solid\u00e0ria<\/strong>. <em>Organitza Club Esportiu Raimat<\/em>.<\/li><li><strong>18:00h. Concert Solidari de Nadal<\/strong>. <em>Organitza Coral Montserratina Raimat<\/em>.<\/li><\/ul><p><em><strong>ESMORZAR:<\/strong><\/em> entrep\u00e0 de pernil + aigua<\/p><p>La recaptaci\u00f3 de tots aquests actes ser\u00e0 per La Marat\u00f3 de TV3 del 2022, destinada a la <strong>Salut Cardiovascular<\/strong>.<\/p>\t\t\t\t\t\t\t\t<\/div>\n\t\t\t\t<\/div>\n\t\t\t\t\t<\/div>\n\t\t<\/div>\n\t\t\t\t\t<\/div>\n\t\t<\/section>\n\t\t\t\t<\/div>\n\t\t","protected":false},"excerpt":{"rendered":"<p>Dissabte 17 de desembre de 2022: 08:30h. Caminada Llarga Solid\u00e0ria i esmorzar (5\u20ac\/persona). Inscripci\u00f3 a clubesportiuraimat@gmail.com o a l&#8217;oficina AV Raimat fins el dia 15 de desembre. Organitza Club Esportiu Raimat. 09:00h. Caminada Familiar Solid\u00e0ria i esmorzar (5\u20ac\/persona). Inscripci\u00f3 a clubesportiuraimat@gmail.com o a l&#8217;oficina AV Raimat fins el dia 15 de desembre. Organitza Club Esportiu &#8230; <a title=\"Activitats solid\u00e0ries amb la marat\u00f3 de TV3\" class=\"read-more\" href=\"https:\/\/raimat.paeria.cat\/web\/activitats-solidaries-amb-la-marato-de-tv3\/\" aria-label=\"M\u00e9s informaci\u00f3 sobre Activitats solid\u00e0ries amb la marat\u00f3 de TV3\">Llegiu m\u00e9s<\/a><\/p>\n","protected":false},"author":8,"featured_media":2398,"comment_status":"closed","ping_status":"closed","sticky":false,"template":"","format":"standard","meta":{"footnotes":""},"categories":[5],"tags":[],"class_list":["post-2397","post","type-post","status-publish","format-standard","has-post-thumbnail","hentry","category-noticia"],"yoast_head":"<!-- This site is optimized with the Yoast SEO plugin v27.5 - https:\/\/yoast.com\/product\/yoast-seo-wordpress\/ -->\n<title>Activitats solid\u00e0ries amb la marat\u00f3 de TV3 - Entitat Municipal Descentralitzada de Raimat - La Paeria - Ajuntament Lleida<\/title>\n<meta name=\"robots\" content=\"index, follow, max-snippet:-1, max-image-preview:large, max-video-preview:-1\" \/>\n<link rel=\"canonical\" href=\"https:\/\/raimat.paeria.cat\/web\/activitats-solidaries-amb-la-marato-de-tv3\/\" \/>\n<meta property=\"og:locale\" content=\"ca_ES\" \/>\n<meta property=\"og:type\" content=\"article\" \/>\n<meta property=\"og:title\" content=\"Activitats solid\u00e0ries amb la marat\u00f3 de TV3 - Entitat Municipal Descentralitzada de Raimat - La Paeria - Ajuntament Lleida\" \/>\n<meta property=\"og:description\" content=\"Dissabte 17 de desembre de 2022: 08:30h. Caminada Llarga Solid\u00e0ria i esmorzar (5\u20ac\/persona). Inscripci\u00f3 a clubesportiuraimat@gmail.com o a l&#8217;oficina AV Raimat fins el dia 15 de desembre. Organitza Club Esportiu Raimat. 09:00h. Caminada Familiar Solid\u00e0ria i esmorzar (5\u20ac\/persona). Inscripci\u00f3 a clubesportiuraimat@gmail.com o a l&#8217;oficina AV Raimat fins el dia 15 de desembre. Organitza Club Esportiu ... Llegiu m\u00e9s\" \/>\n<meta property=\"og:url\" content=\"https:\/\/raimat.paeria.cat\/web\/activitats-solidaries-amb-la-marato-de-tv3\/\" \/>\n<meta property=\"og:site_name\" content=\"Entitat Municipal Descentralitzada de Raimat - La Paeria - Ajuntament Lleida\" \/>\n<meta property=\"article:published_time\" content=\"2022-12-17T06:14:00+00:00\" \/>\n<meta property=\"article:modified_time\" content=\"2023-01-13T12:22:36+00:00\" \/>\n<meta property=\"og:image\" content=\"https:\/\/raimat.paeria.cat\/web\/wp-content\/uploads\/2023\/01\/317953938_182050154488197_3762272224035747576_n.jpg\" \/>\n\t<meta property=\"og:image:width\" content=\"509\" \/>\n\t<meta property=\"og:image:height\" content=\"720\" \/>\n\t<meta property=\"og:image:type\" content=\"image\/jpeg\" \/>\n<meta name=\"author\" content=\"admin-raimat\" \/>\n<meta name=\"twitter:card\" content=\"summary_large_image\" \/>\n<meta name=\"twitter:label1\" content=\"Escrit per\" \/>\n\t<meta name=\"twitter:data1\" content=\"admin-raimat\" \/>\n\t<meta name=\"twitter:label2\" content=\"Temps estimat de lectura\" \/>\n\t<meta name=\"twitter:data2\" content=\"1 minut\" \/>\n<script type=\"application\/ld+json\" class=\"yoast-schema-graph\">{\"@context\":\"https:\\\/\\\/schema.org\",\"@graph\":[{\"@type\":\"Article\",\"@id\":\"https:\\\/\\\/raimat.paeria.cat\\\/web\\\/activitats-solidaries-amb-la-marato-de-tv3\\\/#article\",\"isPartOf\":{\"@id\":\"https:\\\/\\\/raimat.paeria.cat\\\/web\\\/activitats-solidaries-amb-la-marato-de-tv3\\\/\"},\"author\":{\"name\":\"admin-raimat\",\"@id\":\"https:\\\/\\\/raimat.paeria.cat\\\/web\\\/#\\\/schema\\\/person\\\/ba0f22434ab78bf6a029ef2e04462dc4\"},\"headline\":\"Activitats solid\u00e0ries amb la marat\u00f3 de TV3\",\"datePublished\":\"2022-12-17T06:14:00+00:00\",\"dateModified\":\"2023-01-13T12:22:36+00:00\",\"mainEntityOfPage\":{\"@id\":\"https:\\\/\\\/raimat.paeria.cat\\\/web\\\/activitats-solidaries-amb-la-marato-de-tv3\\\/\"},\"wordCount\":201,\"publisher\":{\"@id\":\"https:\\\/\\\/raimat.paeria.cat\\\/web\\\/#organization\"},\"image\":{\"@id\":\"https:\\\/\\\/raimat.paeria.cat\\\/web\\\/activitats-solidaries-amb-la-marato-de-tv3\\\/#primaryimage\"},\"thumbnailUrl\":\"https:\\\/\\\/raimat.paeria.cat\\\/web\\\/wp-content\\\/uploads\\\/2023\\\/01\\\/317953938_182050154488197_3762272224035747576_n.jpg\",\"articleSection\":[\"not\u00edcia\"],\"inLanguage\":\"ca\"},{\"@type\":\"WebPage\",\"@id\":\"https:\\\/\\\/raimat.paeria.cat\\\/web\\\/activitats-solidaries-amb-la-marato-de-tv3\\\/\",\"url\":\"https:\\\/\\\/raimat.paeria.cat\\\/web\\\/activitats-solidaries-amb-la-marato-de-tv3\\\/\",\"name\":\"Activitats solid\u00e0ries amb la marat\u00f3 de TV3 - Entitat Municipal Descentralitzada de Raimat - La Paeria - Ajuntament Lleida\",\"isPartOf\":{\"@id\":\"https:\\\/\\\/raimat.paeria.cat\\\/web\\\/#website\"},\"primaryImageOfPage\":{\"@id\":\"https:\\\/\\\/raimat.paeria.cat\\\/web\\\/activitats-solidaries-amb-la-marato-de-tv3\\\/#primaryimage\"},\"image\":{\"@id\":\"https:\\\/\\\/raimat.paeria.cat\\\/web\\\/activitats-solidaries-amb-la-marato-de-tv3\\\/#primaryimage\"},\"thumbnailUrl\":\"https:\\\/\\\/raimat.paeria.cat\\\/web\\\/wp-content\\\/uploads\\\/2023\\\/01\\\/317953938_182050154488197_3762272224035747576_n.jpg\",\"datePublished\":\"2022-12-17T06:14:00+00:00\",\"dateModified\":\"2023-01-13T12:22:36+00:00\",\"breadcrumb\":{\"@id\":\"https:\\\/\\\/raimat.paeria.cat\\\/web\\\/activitats-solidaries-amb-la-marato-de-tv3\\\/#breadcrumb\"},\"inLanguage\":\"ca\",\"potentialAction\":[{\"@type\":\"ReadAction\",\"target\":[\"https:\\\/\\\/raimat.paeria.cat\\\/web\\\/activitats-solidaries-amb-la-marato-de-tv3\\\/\"]}]},{\"@type\":\"ImageObject\",\"inLanguage\":\"ca\",\"@id\":\"https:\\\/\\\/raimat.paeria.cat\\\/web\\\/activitats-solidaries-amb-la-marato-de-tv3\\\/#primaryimage\",\"url\":\"https:\\\/\\\/raimat.paeria.cat\\\/web\\\/wp-content\\\/uploads\\\/2023\\\/01\\\/317953938_182050154488197_3762272224035747576_n.jpg\",\"contentUrl\":\"https:\\\/\\\/raimat.paeria.cat\\\/web\\\/wp-content\\\/uploads\\\/2023\\\/01\\\/317953938_182050154488197_3762272224035747576_n.jpg\",\"width\":509,\"height\":720,\"caption\":\"Imatge on s'expliquen les diferents activitats que es realitzaran per la marat\u00f3 de TV3\"},{\"@type\":\"BreadcrumbList\",\"@id\":\"https:\\\/\\\/raimat.paeria.cat\\\/web\\\/activitats-solidaries-amb-la-marato-de-tv3\\\/#breadcrumb\",\"itemListElement\":[{\"@type\":\"ListItem\",\"position\":1,\"name\":\"Inici\",\"item\":\"https:\\\/\\\/raimat.paeria.cat\\\/web\\\/\"},{\"@type\":\"ListItem\",\"position\":2,\"name\":\"Activitats solid\u00e0ries amb la marat\u00f3 de TV3\"}]},{\"@type\":\"WebSite\",\"@id\":\"https:\\\/\\\/raimat.paeria.cat\\\/web\\\/#website\",\"url\":\"https:\\\/\\\/raimat.paeria.cat\\\/web\\\/\",\"name\":\"Entitat Municipal Descentralitzada de Raimat - La Paeria - Ajuntament Lleida\",\"description\":\"Entitat Municipal Descentralitzada de Raimat\",\"publisher\":{\"@id\":\"https:\\\/\\\/raimat.paeria.cat\\\/web\\\/#organization\"},\"potentialAction\":[{\"@type\":\"SearchAction\",\"target\":{\"@type\":\"EntryPoint\",\"urlTemplate\":\"https:\\\/\\\/raimat.paeria.cat\\\/web\\\/?s={search_term_string}\"},\"query-input\":{\"@type\":\"PropertyValueSpecification\",\"valueRequired\":true,\"valueName\":\"search_term_string\"}}],\"inLanguage\":\"ca\"},{\"@type\":\"Organization\",\"@id\":\"https:\\\/\\\/raimat.paeria.cat\\\/web\\\/#organization\",\"name\":\"Ajuntament de Lleida\",\"url\":\"https:\\\/\\\/raimat.paeria.cat\\\/web\\\/\",\"logo\":{\"@type\":\"ImageObject\",\"inLanguage\":\"ca\",\"@id\":\"https:\\\/\\\/raimat.paeria.cat\\\/web\\\/#\\\/schema\\\/logo\\\/image\\\/\",\"url\":\"https:\\\/\\\/raimat.paeria.cat\\\/web\\\/wp-content\\\/uploads\\\/2020\\\/06\\\/capcalera-raimat-escut-logo-paeria.png\",\"contentUrl\":\"https:\\\/\\\/raimat.paeria.cat\\\/web\\\/wp-content\\\/uploads\\\/2020\\\/06\\\/capcalera-raimat-escut-logo-paeria.png\",\"width\":1100,\"height\":221,\"caption\":\"Ajuntament de Lleida\"},\"image\":{\"@id\":\"https:\\\/\\\/raimat.paeria.cat\\\/web\\\/#\\\/schema\\\/logo\\\/image\\\/\"}},{\"@type\":\"Person\",\"@id\":\"https:\\\/\\\/raimat.paeria.cat\\\/web\\\/#\\\/schema\\\/person\\\/ba0f22434ab78bf6a029ef2e04462dc4\",\"name\":\"admin-raimat\",\"image\":{\"@type\":\"ImageObject\",\"inLanguage\":\"ca\",\"@id\":\"https:\\\/\\\/secure.gravatar.com\\\/avatar\\\/39d6f7310fb8e00922e62cd7874fc55ca093e469510e63ac6c59e78eb978addc?s=96&d=mm&r=g\",\"url\":\"https:\\\/\\\/secure.gravatar.com\\\/avatar\\\/39d6f7310fb8e00922e62cd7874fc55ca093e469510e63ac6c59e78eb978addc?s=96&d=mm&r=g\",\"contentUrl\":\"https:\\\/\\\/secure.gravatar.com\\\/avatar\\\/39d6f7310fb8e00922e62cd7874fc55ca093e469510e63ac6c59e78eb978addc?s=96&d=mm&r=g\",\"caption\":\"admin-raimat\"}}]}<\/script>\n<!-- \/ Yoast SEO plugin. -->","yoast_head_json":{"title":"Activitats solid\u00e0ries amb la marat\u00f3 de TV3 - Entitat Municipal Descentralitzada de Raimat - La Paeria - Ajuntament Lleida","robots":{"index":"index","follow":"follow","max-snippet":"max-snippet:-1","max-image-preview":"max-image-preview:large","max-video-preview":"max-video-preview:-1"},"canonical":"https:\/\/raimat.paeria.cat\/web\/activitats-solidaries-amb-la-marato-de-tv3\/","og_locale":"ca_ES","og_type":"article","og_title":"Activitats solid\u00e0ries amb la marat\u00f3 de TV3 - Entitat Municipal Descentralitzada de Raimat - La Paeria - Ajuntament Lleida","og_description":"Dissabte 17 de desembre de 2022: 08:30h. Caminada Llarga Solid\u00e0ria i esmorzar (5\u20ac\/persona). Inscripci\u00f3 a clubesportiuraimat@gmail.com o a l&#8217;oficina AV Raimat fins el dia 15 de desembre. Organitza Club Esportiu Raimat. 09:00h. Caminada Familiar Solid\u00e0ria i esmorzar (5\u20ac\/persona). Inscripci\u00f3 a clubesportiuraimat@gmail.com o a l&#8217;oficina AV Raimat fins el dia 15 de desembre. Organitza Club Esportiu ... Llegiu m\u00e9s","og_url":"https:\/\/raimat.paeria.cat\/web\/activitats-solidaries-amb-la-marato-de-tv3\/","og_site_name":"Entitat Municipal Descentralitzada de Raimat - La Paeria - Ajuntament Lleida","article_published_time":"2022-12-17T06:14:00+00:00","article_modified_time":"2023-01-13T12:22:36+00:00","og_image":[{"width":509,"height":720,"url":"https:\/\/raimat.paeria.cat\/web\/wp-content\/uploads\/2023\/01\/317953938_182050154488197_3762272224035747576_n.jpg","type":"image\/jpeg"}],"author":"admin-raimat","twitter_card":"summary_large_image","twitter_misc":{"Escrit per":"admin-raimat","Temps estimat de lectura":"1 minut"},"schema":{"@context":"https:\/\/schema.org","@graph":[{"@type":"Article","@id":"https:\/\/raimat.paeria.cat\/web\/activitats-solidaries-amb-la-marato-de-tv3\/#article","isPartOf":{"@id":"https:\/\/raimat.paeria.cat\/web\/activitats-solidaries-amb-la-marato-de-tv3\/"},"author":{"name":"admin-raimat","@id":"https:\/\/raimat.paeria.cat\/web\/#\/schema\/person\/ba0f22434ab78bf6a029ef2e04462dc4"},"headline":"Activitats solid\u00e0ries amb la marat\u00f3 de TV3","datePublished":"2022-12-17T06:14:00+00:00","dateModified":"2023-01-13T12:22:36+00:00","mainEntityOfPage":{"@id":"https:\/\/raimat.paeria.cat\/web\/activitats-solidaries-amb-la-marato-de-tv3\/"},"wordCount":201,"publisher":{"@id":"https:\/\/raimat.paeria.cat\/web\/#organization"},"image":{"@id":"https:\/\/raimat.paeria.cat\/web\/activitats-solidaries-amb-la-marato-de-tv3\/#primaryimage"},"thumbnailUrl":"https:\/\/raimat.paeria.cat\/web\/wp-content\/uploads\/2023\/01\/317953938_182050154488197_3762272224035747576_n.jpg","articleSection":["not\u00edcia"],"inLanguage":"ca"},{"@type":"WebPage","@id":"https:\/\/raimat.paeria.cat\/web\/activitats-solidaries-amb-la-marato-de-tv3\/","url":"https:\/\/raimat.paeria.cat\/web\/activitats-solidaries-amb-la-marato-de-tv3\/","name":"Activitats solid\u00e0ries amb la marat\u00f3 de TV3 - Entitat Municipal Descentralitzada de Raimat - La Paeria - Ajuntament Lleida","isPartOf":{"@id":"https:\/\/raimat.paeria.cat\/web\/#website"},"primaryImageOfPage":{"@id":"https:\/\/raimat.paeria.cat\/web\/activitats-solidaries-amb-la-marato-de-tv3\/#primaryimage"},"image":{"@id":"https:\/\/raimat.paeria.cat\/web\/activitats-solidaries-amb-la-marato-de-tv3\/#primaryimage"},"thumbnailUrl":"https:\/\/raimat.paeria.cat\/web\/wp-content\/uploads\/2023\/01\/317953938_182050154488197_3762272224035747576_n.jpg","datePublished":"2022-12-17T06:14:00+00:00","dateModified":"2023-01-13T12:22:36+00:00","breadcrumb":{"@id":"https:\/\/raimat.paeria.cat\/web\/activitats-solidaries-amb-la-marato-de-tv3\/#breadcrumb"},"inLanguage":"ca","potentialAction":[{"@type":"ReadAction","target":["https:\/\/raimat.paeria.cat\/web\/activitats-solidaries-amb-la-marato-de-tv3\/"]}]},{"@type":"ImageObject","inLanguage":"ca","@id":"https:\/\/raimat.paeria.cat\/web\/activitats-solidaries-amb-la-marato-de-tv3\/#primaryimage","url":"https:\/\/raimat.paeria.cat\/web\/wp-content\/uploads\/2023\/01\/317953938_182050154488197_3762272224035747576_n.jpg","contentUrl":"https:\/\/raimat.paeria.cat\/web\/wp-content\/uploads\/2023\/01\/317953938_182050154488197_3762272224035747576_n.jpg","width":509,"height":720,"caption":"Imatge on s'expliquen les diferents activitats que es realitzaran per la marat\u00f3 de TV3"},{"@type":"BreadcrumbList","@id":"https:\/\/raimat.paeria.cat\/web\/activitats-solidaries-amb-la-marato-de-tv3\/#breadcrumb","itemListElement":[{"@type":"ListItem","position":1,"name":"Inici","item":"https:\/\/raimat.paeria.cat\/web\/"},{"@type":"ListItem","position":2,"name":"Activitats solid\u00e0ries amb la marat\u00f3 de TV3"}]},{"@type":"WebSite","@id":"https:\/\/raimat.paeria.cat\/web\/#website","url":"https:\/\/raimat.paeria.cat\/web\/","name":"Entitat Municipal Descentralitzada de Raimat - La Paeria - Ajuntament Lleida","description":"Entitat Municipal Descentralitzada de Raimat","publisher":{"@id":"https:\/\/raimat.paeria.cat\/web\/#organization"},"potentialAction":[{"@type":"SearchAction","target":{"@type":"EntryPoint","urlTemplate":"https:\/\/raimat.paeria.cat\/web\/?s={search_term_string}"},"query-input":{"@type":"PropertyValueSpecification","valueRequired":true,"valueName":"search_term_string"}}],"inLanguage":"ca"},{"@type":"Organization","@id":"https:\/\/raimat.paeria.cat\/web\/#organization","name":"Ajuntament de Lleida","url":"https:\/\/raimat.paeria.cat\/web\/","logo":{"@type":"ImageObject","inLanguage":"ca","@id":"https:\/\/raimat.paeria.cat\/web\/#\/schema\/logo\/image\/","url":"https:\/\/raimat.paeria.cat\/web\/wp-content\/uploads\/2020\/06\/capcalera-raimat-escut-logo-paeria.png","contentUrl":"https:\/\/raimat.paeria.cat\/web\/wp-content\/uploads\/2020\/06\/capcalera-raimat-escut-logo-paeria.png","width":1100,"height":221,"caption":"Ajuntament de Lleida"},"image":{"@id":"https:\/\/raimat.paeria.cat\/web\/#\/schema\/logo\/image\/"}},{"@type":"Person","@id":"https:\/\/raimat.paeria.cat\/web\/#\/schema\/person\/ba0f22434ab78bf6a029ef2e04462dc4","name":"admin-raimat","image":{"@type":"ImageObject","inLanguage":"ca","@id":"https:\/\/secure.gravatar.com\/avatar\/39d6f7310fb8e00922e62cd7874fc55ca093e469510e63ac6c59e78eb978addc?s=96&d=mm&r=g","url":"https:\/\/secure.gravatar.com\/avatar\/39d6f7310fb8e00922e62cd7874fc55ca093e469510e63ac6c59e78eb978addc?s=96&d=mm&r=g","contentUrl":"https:\/\/secure.gravatar.com\/avatar\/39d6f7310fb8e00922e62cd7874fc55ca093e469510e63ac6c59e78eb978addc?s=96&d=mm&r=g","caption":"admin-raimat"}}]}},"_links":{"self":[{"href":"https:\/\/raimat.paeria.cat\/web\/wp-json\/wp\/v2\/posts\/2397","targetHints":{"allow":["GET"]}}],"collection":[{"href":"https:\/\/raimat.paeria.cat\/web\/wp-json\/wp\/v2\/posts"}],"about":[{"href":"https:\/\/raimat.paeria.cat\/web\/wp-json\/wp\/v2\/types\/post"}],"author":[{"embeddable":true,"href":"https:\/\/raimat.paeria.cat\/web\/wp-json\/wp\/v2\/users\/8"}],"replies":[{"embeddable":true,"href":"https:\/\/raimat.paeria.cat\/web\/wp-json\/wp\/v2\/comments?post=2397"}],"version-history":[{"count":0,"href":"https:\/\/raimat.paeria.cat\/web\/wp-json\/wp\/v2\/posts\/2397\/revisions"}],"wp:featuredmedia":[{"embeddable":true,"href":"https:\/\/raimat.paeria.cat\/web\/wp-json\/wp\/v2\/media\/2398"}],"wp:attachment":[{"href":"https:\/\/raimat.paeria.cat\/web\/wp-json\/wp\/v2\/media?parent=2397"}],"wp:term":[{"taxonomy":"category","embeddable":true,"href":"https:\/\/raimat.paeria.cat\/web\/wp-json\/wp\/v2\/categories?post=2397"},{"taxonomy":"post_tag","embeddable":true,"href":"https:\/\/raimat.paeria.cat\/web\/wp-json\/wp\/v2\/tags?post=2397"}],"curies":[{"name":"wp","href":"https:\/\/api.w.org\/{rel}","templated":true}]}}