{"id":2258,"date":"2022-07-22T08:37:25","date_gmt":"2022-07-22T06:37:25","guid":{"rendered":"https:\/\/raimat.paeria.cat\/web\/?p=2258"},"modified":"2022-07-22T08:38:41","modified_gmt":"2022-07-22T06:38:41","slug":"revetlla-de-sant-joan-2022","status":"publish","type":"post","link":"https:\/\/raimat.paeria.cat\/web\/revetlla-de-sant-joan-2022\/","title":{"rendered":"Revetlla de Sant Joan 2022"},"content":{"rendered":"\t\t<div data-elementor-type=\"wp-post\" data-elementor-id=\"2258\" class=\"elementor elementor-2258\">\n\t\t\t\t\t\t<section class=\"elementor-section elementor-top-section elementor-element elementor-element-2af54ba elementor-section-boxed elementor-section-height-default elementor-section-height-default\" data-id=\"2af54ba\" data-element_type=\"section\" data-e-type=\"section\">\n\t\t\t\t\t\t<div class=\"elementor-container elementor-column-gap-default\">\n\t\t\t\t\t<div class=\"elementor-column elementor-col-100 elementor-top-column elementor-element elementor-element-06c8ae2\" data-id=\"06c8ae2\" data-element_type=\"column\" data-e-type=\"column\">\n\t\t\t<div class=\"elementor-widget-wrap elementor-element-populated\">\n\t\t\t\t\t\t<div class=\"elementor-element elementor-element-f374f7b elementor-widget elementor-widget-text-editor\" data-id=\"f374f7b\" data-element_type=\"widget\" data-e-type=\"widget\" data-widget_type=\"text-editor.default\">\n\t\t\t\t<div class=\"elementor-widget-container\">\n\t\t\t\t\t\t\t\t\t<p>El dia <strong>23 de Juny<\/strong>\u00a0es celebra la <span style=\"text-decoration: underline;\">Revetlla de Sant Joan<\/span> a Raimat<span style=\"color: var( --e-global-color-text ); font-family: var( --e-global-typography-text-font-family ), Sans-serif; font-weight: var( --e-global-typography-text-font-weight );\">:<\/span><\/p><ul><li><strong>21.00 h<\/strong>. Entrepans per a tothom, adquirir el tiquet els dies 16 i 17 de juny a les oficines de l&#8217;AV Raimat. Preu: 4,00 \u20ac.<\/li><li><strong>22.00 h.<\/strong> Arribada de la Flama del Canig\u00f3 a la Pla\u00e7a Major. Enguany vindr\u00e0 directament de dalt del cim, caminant, despr\u00e9s amb bicicleta i finalment entrar\u00e0 al poble corrent.<\/li><li><strong>22.15 h.<\/strong> Encesa de la foguera, pla\u00e7a Major.<\/li><li><strong>22.30 h.<\/strong> &#8220;Bingo musical&#8221;.<\/li><li><strong>A continuaci\u00f3:<\/strong> \u00c9s nit de festa i ball! organitzat pel grup de joves de Raimat.<\/li><\/ul><div>\u00a0<\/div><div>Pr\u00f2ximament publicarem a les xarxes socials de l&#8217;EMD de Raimat, les indicacions pels que vulguin fer l&#8217;\u00faltim tram corrent.<\/div>\t\t\t\t\t\t\t\t<\/div>\n\t\t\t\t<\/div>\n\t\t\t\t\t<\/div>\n\t\t<\/div>\n\t\t\t\t\t<\/div>\n\t\t<\/section>\n\t\t\t\t<\/div>\n\t\t","protected":false},"excerpt":{"rendered":"<p>El dia 23 de Juny&nbsp;es celebra la Revetlla de Sant Joan a Raimat: 21.00 h. Entrepans per a tothom, adquirir el tiquet els dies 16 i 17 de juny a les oficines de l&#8217;AV Raimat. Preu: 4,00 \u20ac. 22.00 h. Arribada de la Flama del Canig\u00f3 a la Pla\u00e7a Major. Enguany vindr\u00e0 directament de dalt &#8230; <a title=\"Revetlla de Sant Joan 2022\" class=\"read-more\" href=\"https:\/\/raimat.paeria.cat\/web\/revetlla-de-sant-joan-2022\/\" aria-label=\"M\u00e9s informaci\u00f3 sobre Revetlla de Sant Joan 2022\">Llegiu m\u00e9s<\/a><\/p>\n","protected":false},"author":8,"featured_media":2259,"comment_status":"closed","ping_status":"closed","sticky":false,"template":"","format":"standard","meta":{"footnotes":""},"categories":[5],"tags":[],"class_list":["post-2258","post","type-post","status-publish","format-standard","has-post-thumbnail","hentry","category-noticia"],"yoast_head":"<!-- This site is optimized with the Yoast SEO plugin v27.5 - https:\/\/yoast.com\/product\/yoast-seo-wordpress\/ -->\n<title>Revetlla de Sant Joan 2022 - Entitat Municipal Descentralitzada de Raimat - La Paeria - Ajuntament Lleida<\/title>\n<meta name=\"robots\" content=\"index, follow, max-snippet:-1, max-image-preview:large, max-video-preview:-1\" \/>\n<link rel=\"canonical\" href=\"https:\/\/raimat.paeria.cat\/web\/revetlla-de-sant-joan-2022\/\" \/>\n<meta property=\"og:locale\" content=\"ca_ES\" \/>\n<meta property=\"og:type\" content=\"article\" \/>\n<meta property=\"og:title\" content=\"Revetlla de Sant Joan 2022 - Entitat Municipal Descentralitzada de Raimat - La Paeria - Ajuntament Lleida\" \/>\n<meta property=\"og:description\" content=\"El dia 23 de Juny&nbsp;es celebra la Revetlla de Sant Joan a Raimat: 21.00 h. Entrepans per a tothom, adquirir el tiquet els dies 16 i 17 de juny a les oficines de l&#8217;AV Raimat. Preu: 4,00 \u20ac. 22.00 h. Arribada de la Flama del Canig\u00f3 a la Pla\u00e7a Major. Enguany vindr\u00e0 directament de dalt ... Llegiu m\u00e9s\" \/>\n<meta property=\"og:url\" content=\"https:\/\/raimat.paeria.cat\/web\/revetlla-de-sant-joan-2022\/\" \/>\n<meta property=\"og:site_name\" content=\"Entitat Municipal Descentralitzada de Raimat - La Paeria - Ajuntament Lleida\" \/>\n<meta property=\"article:published_time\" content=\"2022-07-22T06:37:25+00:00\" \/>\n<meta property=\"article:modified_time\" content=\"2022-07-22T06:38:41+00:00\" \/>\n<meta property=\"og:image\" content=\"https:\/\/raimat.paeria.cat\/web\/wp-content\/uploads\/2022\/07\/287584573_566989594784950_7244780425348263465_n.jpg\" \/>\n\t<meta property=\"og:image:width\" content=\"960\" \/>\n\t<meta property=\"og:image:height\" content=\"683\" \/>\n\t<meta property=\"og:image:type\" content=\"image\/jpeg\" \/>\n<meta name=\"author\" content=\"admin-raimat\" \/>\n<meta name=\"twitter:card\" content=\"summary_large_image\" \/>\n<meta name=\"twitter:label1\" content=\"Escrit per\" \/>\n\t<meta name=\"twitter:data1\" content=\"admin-raimat\" \/>\n\t<meta name=\"twitter:label2\" content=\"Temps estimat de lectura\" \/>\n\t<meta name=\"twitter:data2\" content=\"1 minut\" \/>\n<script type=\"application\/ld+json\" class=\"yoast-schema-graph\">{\"@context\":\"https:\\\/\\\/schema.org\",\"@graph\":[{\"@type\":\"Article\",\"@id\":\"https:\\\/\\\/raimat.paeria.cat\\\/web\\\/revetlla-de-sant-joan-2022\\\/#article\",\"isPartOf\":{\"@id\":\"https:\\\/\\\/raimat.paeria.cat\\\/web\\\/revetlla-de-sant-joan-2022\\\/\"},\"author\":{\"name\":\"admin-raimat\",\"@id\":\"https:\\\/\\\/raimat.paeria.cat\\\/web\\\/#\\\/schema\\\/person\\\/ba0f22434ab78bf6a029ef2e04462dc4\"},\"headline\":\"Revetlla de Sant Joan 2022\",\"datePublished\":\"2022-07-22T06:37:25+00:00\",\"dateModified\":\"2022-07-22T06:38:41+00:00\",\"mainEntityOfPage\":{\"@id\":\"https:\\\/\\\/raimat.paeria.cat\\\/web\\\/revetlla-de-sant-joan-2022\\\/\"},\"wordCount\":118,\"publisher\":{\"@id\":\"https:\\\/\\\/raimat.paeria.cat\\\/web\\\/#organization\"},\"image\":{\"@id\":\"https:\\\/\\\/raimat.paeria.cat\\\/web\\\/revetlla-de-sant-joan-2022\\\/#primaryimage\"},\"thumbnailUrl\":\"https:\\\/\\\/raimat.paeria.cat\\\/web\\\/wp-content\\\/uploads\\\/2022\\\/07\\\/287584573_566989594784950_7244780425348263465_n.jpg\",\"articleSection\":[\"not\u00edcia\"],\"inLanguage\":\"ca\"},{\"@type\":\"WebPage\",\"@id\":\"https:\\\/\\\/raimat.paeria.cat\\\/web\\\/revetlla-de-sant-joan-2022\\\/\",\"url\":\"https:\\\/\\\/raimat.paeria.cat\\\/web\\\/revetlla-de-sant-joan-2022\\\/\",\"name\":\"Revetlla de Sant Joan 2022 - Entitat Municipal Descentralitzada de Raimat - La Paeria - Ajuntament Lleida\",\"isPartOf\":{\"@id\":\"https:\\\/\\\/raimat.paeria.cat\\\/web\\\/#website\"},\"primaryImageOfPage\":{\"@id\":\"https:\\\/\\\/raimat.paeria.cat\\\/web\\\/revetlla-de-sant-joan-2022\\\/#primaryimage\"},\"image\":{\"@id\":\"https:\\\/\\\/raimat.paeria.cat\\\/web\\\/revetlla-de-sant-joan-2022\\\/#primaryimage\"},\"thumbnailUrl\":\"https:\\\/\\\/raimat.paeria.cat\\\/web\\\/wp-content\\\/uploads\\\/2022\\\/07\\\/287584573_566989594784950_7244780425348263465_n.jpg\",\"datePublished\":\"2022-07-22T06:37:25+00:00\",\"dateModified\":\"2022-07-22T06:38:41+00:00\",\"breadcrumb\":{\"@id\":\"https:\\\/\\\/raimat.paeria.cat\\\/web\\\/revetlla-de-sant-joan-2022\\\/#breadcrumb\"},\"inLanguage\":\"ca\",\"potentialAction\":[{\"@type\":\"ReadAction\",\"target\":[\"https:\\\/\\\/raimat.paeria.cat\\\/web\\\/revetlla-de-sant-joan-2022\\\/\"]}]},{\"@type\":\"ImageObject\",\"inLanguage\":\"ca\",\"@id\":\"https:\\\/\\\/raimat.paeria.cat\\\/web\\\/revetlla-de-sant-joan-2022\\\/#primaryimage\",\"url\":\"https:\\\/\\\/raimat.paeria.cat\\\/web\\\/wp-content\\\/uploads\\\/2022\\\/07\\\/287584573_566989594784950_7244780425348263465_n.jpg\",\"contentUrl\":\"https:\\\/\\\/raimat.paeria.cat\\\/web\\\/wp-content\\\/uploads\\\/2022\\\/07\\\/287584573_566989594784950_7244780425348263465_n.jpg\",\"width\":960,\"height\":683,\"caption\":\"Imatge de les activitats que es duran a terme durant la Revetlla de Sant Joan\"},{\"@type\":\"BreadcrumbList\",\"@id\":\"https:\\\/\\\/raimat.paeria.cat\\\/web\\\/revetlla-de-sant-joan-2022\\\/#breadcrumb\",\"itemListElement\":[{\"@type\":\"ListItem\",\"position\":1,\"name\":\"Inici\",\"item\":\"https:\\\/\\\/raimat.paeria.cat\\\/web\\\/\"},{\"@type\":\"ListItem\",\"position\":2,\"name\":\"Revetlla de Sant Joan 2022\"}]},{\"@type\":\"WebSite\",\"@id\":\"https:\\\/\\\/raimat.paeria.cat\\\/web\\\/#website\",\"url\":\"https:\\\/\\\/raimat.paeria.cat\\\/web\\\/\",\"name\":\"Entitat Municipal Descentralitzada de Raimat - La Paeria - Ajuntament Lleida\",\"description\":\"Entitat Municipal Descentralitzada de Raimat\",\"publisher\":{\"@id\":\"https:\\\/\\\/raimat.paeria.cat\\\/web\\\/#organization\"},\"potentialAction\":[{\"@type\":\"SearchAction\",\"target\":{\"@type\":\"EntryPoint\",\"urlTemplate\":\"https:\\\/\\\/raimat.paeria.cat\\\/web\\\/?s={search_term_string}\"},\"query-input\":{\"@type\":\"PropertyValueSpecification\",\"valueRequired\":true,\"valueName\":\"search_term_string\"}}],\"inLanguage\":\"ca\"},{\"@type\":\"Organization\",\"@id\":\"https:\\\/\\\/raimat.paeria.cat\\\/web\\\/#organization\",\"name\":\"Ajuntament de Lleida\",\"url\":\"https:\\\/\\\/raimat.paeria.cat\\\/web\\\/\",\"logo\":{\"@type\":\"ImageObject\",\"inLanguage\":\"ca\",\"@id\":\"https:\\\/\\\/raimat.paeria.cat\\\/web\\\/#\\\/schema\\\/logo\\\/image\\\/\",\"url\":\"https:\\\/\\\/raimat.paeria.cat\\\/web\\\/wp-content\\\/uploads\\\/2020\\\/06\\\/capcalera-raimat-escut-logo-paeria.png\",\"contentUrl\":\"https:\\\/\\\/raimat.paeria.cat\\\/web\\\/wp-content\\\/uploads\\\/2020\\\/06\\\/capcalera-raimat-escut-logo-paeria.png\",\"width\":1100,\"height\":221,\"caption\":\"Ajuntament de Lleida\"},\"image\":{\"@id\":\"https:\\\/\\\/raimat.paeria.cat\\\/web\\\/#\\\/schema\\\/logo\\\/image\\\/\"}},{\"@type\":\"Person\",\"@id\":\"https:\\\/\\\/raimat.paeria.cat\\\/web\\\/#\\\/schema\\\/person\\\/ba0f22434ab78bf6a029ef2e04462dc4\",\"name\":\"admin-raimat\",\"image\":{\"@type\":\"ImageObject\",\"inLanguage\":\"ca\",\"@id\":\"https:\\\/\\\/secure.gravatar.com\\\/avatar\\\/39d6f7310fb8e00922e62cd7874fc55ca093e469510e63ac6c59e78eb978addc?s=96&d=mm&r=g\",\"url\":\"https:\\\/\\\/secure.gravatar.com\\\/avatar\\\/39d6f7310fb8e00922e62cd7874fc55ca093e469510e63ac6c59e78eb978addc?s=96&d=mm&r=g\",\"contentUrl\":\"https:\\\/\\\/secure.gravatar.com\\\/avatar\\\/39d6f7310fb8e00922e62cd7874fc55ca093e469510e63ac6c59e78eb978addc?s=96&d=mm&r=g\",\"caption\":\"admin-raimat\"}}]}<\/script>\n<!-- \/ Yoast SEO plugin. -->","yoast_head_json":{"title":"Revetlla de Sant Joan 2022 - Entitat Municipal Descentralitzada de Raimat - La Paeria - Ajuntament Lleida","robots":{"index":"index","follow":"follow","max-snippet":"max-snippet:-1","max-image-preview":"max-image-preview:large","max-video-preview":"max-video-preview:-1"},"canonical":"https:\/\/raimat.paeria.cat\/web\/revetlla-de-sant-joan-2022\/","og_locale":"ca_ES","og_type":"article","og_title":"Revetlla de Sant Joan 2022 - Entitat Municipal Descentralitzada de Raimat - La Paeria - Ajuntament Lleida","og_description":"El dia 23 de Juny&nbsp;es celebra la Revetlla de Sant Joan a Raimat: 21.00 h. Entrepans per a tothom, adquirir el tiquet els dies 16 i 17 de juny a les oficines de l&#8217;AV Raimat. Preu: 4,00 \u20ac. 22.00 h. Arribada de la Flama del Canig\u00f3 a la Pla\u00e7a Major. Enguany vindr\u00e0 directament de dalt ... Llegiu m\u00e9s","og_url":"https:\/\/raimat.paeria.cat\/web\/revetlla-de-sant-joan-2022\/","og_site_name":"Entitat Municipal Descentralitzada de Raimat - La Paeria - Ajuntament Lleida","article_published_time":"2022-07-22T06:37:25+00:00","article_modified_time":"2022-07-22T06:38:41+00:00","og_image":[{"width":960,"height":683,"url":"https:\/\/raimat.paeria.cat\/web\/wp-content\/uploads\/2022\/07\/287584573_566989594784950_7244780425348263465_n.jpg","type":"image\/jpeg"}],"author":"admin-raimat","twitter_card":"summary_large_image","twitter_misc":{"Escrit per":"admin-raimat","Temps estimat de lectura":"1 minut"},"schema":{"@context":"https:\/\/schema.org","@graph":[{"@type":"Article","@id":"https:\/\/raimat.paeria.cat\/web\/revetlla-de-sant-joan-2022\/#article","isPartOf":{"@id":"https:\/\/raimat.paeria.cat\/web\/revetlla-de-sant-joan-2022\/"},"author":{"name":"admin-raimat","@id":"https:\/\/raimat.paeria.cat\/web\/#\/schema\/person\/ba0f22434ab78bf6a029ef2e04462dc4"},"headline":"Revetlla de Sant Joan 2022","datePublished":"2022-07-22T06:37:25+00:00","dateModified":"2022-07-22T06:38:41+00:00","mainEntityOfPage":{"@id":"https:\/\/raimat.paeria.cat\/web\/revetlla-de-sant-joan-2022\/"},"wordCount":118,"publisher":{"@id":"https:\/\/raimat.paeria.cat\/web\/#organization"},"image":{"@id":"https:\/\/raimat.paeria.cat\/web\/revetlla-de-sant-joan-2022\/#primaryimage"},"thumbnailUrl":"https:\/\/raimat.paeria.cat\/web\/wp-content\/uploads\/2022\/07\/287584573_566989594784950_7244780425348263465_n.jpg","articleSection":["not\u00edcia"],"inLanguage":"ca"},{"@type":"WebPage","@id":"https:\/\/raimat.paeria.cat\/web\/revetlla-de-sant-joan-2022\/","url":"https:\/\/raimat.paeria.cat\/web\/revetlla-de-sant-joan-2022\/","name":"Revetlla de Sant Joan 2022 - Entitat Municipal Descentralitzada de Raimat - La Paeria - Ajuntament Lleida","isPartOf":{"@id":"https:\/\/raimat.paeria.cat\/web\/#website"},"primaryImageOfPage":{"@id":"https:\/\/raimat.paeria.cat\/web\/revetlla-de-sant-joan-2022\/#primaryimage"},"image":{"@id":"https:\/\/raimat.paeria.cat\/web\/revetlla-de-sant-joan-2022\/#primaryimage"},"thumbnailUrl":"https:\/\/raimat.paeria.cat\/web\/wp-content\/uploads\/2022\/07\/287584573_566989594784950_7244780425348263465_n.jpg","datePublished":"2022-07-22T06:37:25+00:00","dateModified":"2022-07-22T06:38:41+00:00","breadcrumb":{"@id":"https:\/\/raimat.paeria.cat\/web\/revetlla-de-sant-joan-2022\/#breadcrumb"},"inLanguage":"ca","potentialAction":[{"@type":"ReadAction","target":["https:\/\/raimat.paeria.cat\/web\/revetlla-de-sant-joan-2022\/"]}]},{"@type":"ImageObject","inLanguage":"ca","@id":"https:\/\/raimat.paeria.cat\/web\/revetlla-de-sant-joan-2022\/#primaryimage","url":"https:\/\/raimat.paeria.cat\/web\/wp-content\/uploads\/2022\/07\/287584573_566989594784950_7244780425348263465_n.jpg","contentUrl":"https:\/\/raimat.paeria.cat\/web\/wp-content\/uploads\/2022\/07\/287584573_566989594784950_7244780425348263465_n.jpg","width":960,"height":683,"caption":"Imatge de les activitats que es duran a terme durant la Revetlla de Sant Joan"},{"@type":"BreadcrumbList","@id":"https:\/\/raimat.paeria.cat\/web\/revetlla-de-sant-joan-2022\/#breadcrumb","itemListElement":[{"@type":"ListItem","position":1,"name":"Inici","item":"https:\/\/raimat.paeria.cat\/web\/"},{"@type":"ListItem","position":2,"name":"Revetlla de Sant Joan 2022"}]},{"@type":"WebSite","@id":"https:\/\/raimat.paeria.cat\/web\/#website","url":"https:\/\/raimat.paeria.cat\/web\/","name":"Entitat Municipal Descentralitzada de Raimat - La Paeria - Ajuntament Lleida","description":"Entitat Municipal Descentralitzada de Raimat","publisher":{"@id":"https:\/\/raimat.paeria.cat\/web\/#organization"},"potentialAction":[{"@type":"SearchAction","target":{"@type":"EntryPoint","urlTemplate":"https:\/\/raimat.paeria.cat\/web\/?s={search_term_string}"},"query-input":{"@type":"PropertyValueSpecification","valueRequired":true,"valueName":"search_term_string"}}],"inLanguage":"ca"},{"@type":"Organization","@id":"https:\/\/raimat.paeria.cat\/web\/#organization","name":"Ajuntament de Lleida","url":"https:\/\/raimat.paeria.cat\/web\/","logo":{"@type":"ImageObject","inLanguage":"ca","@id":"https:\/\/raimat.paeria.cat\/web\/#\/schema\/logo\/image\/","url":"https:\/\/raimat.paeria.cat\/web\/wp-content\/uploads\/2020\/06\/capcalera-raimat-escut-logo-paeria.png","contentUrl":"https:\/\/raimat.paeria.cat\/web\/wp-content\/uploads\/2020\/06\/capcalera-raimat-escut-logo-paeria.png","width":1100,"height":221,"caption":"Ajuntament de Lleida"},"image":{"@id":"https:\/\/raimat.paeria.cat\/web\/#\/schema\/logo\/image\/"}},{"@type":"Person","@id":"https:\/\/raimat.paeria.cat\/web\/#\/schema\/person\/ba0f22434ab78bf6a029ef2e04462dc4","name":"admin-raimat","image":{"@type":"ImageObject","inLanguage":"ca","@id":"https:\/\/secure.gravatar.com\/avatar\/39d6f7310fb8e00922e62cd7874fc55ca093e469510e63ac6c59e78eb978addc?s=96&d=mm&r=g","url":"https:\/\/secure.gravatar.com\/avatar\/39d6f7310fb8e00922e62cd7874fc55ca093e469510e63ac6c59e78eb978addc?s=96&d=mm&r=g","contentUrl":"https:\/\/secure.gravatar.com\/avatar\/39d6f7310fb8e00922e62cd7874fc55ca093e469510e63ac6c59e78eb978addc?s=96&d=mm&r=g","caption":"admin-raimat"}}]}},"_links":{"self":[{"href":"https:\/\/raimat.paeria.cat\/web\/wp-json\/wp\/v2\/posts\/2258","targetHints":{"allow":["GET"]}}],"collection":[{"href":"https:\/\/raimat.paeria.cat\/web\/wp-json\/wp\/v2\/posts"}],"about":[{"href":"https:\/\/raimat.paeria.cat\/web\/wp-json\/wp\/v2\/types\/post"}],"author":[{"embeddable":true,"href":"https:\/\/raimat.paeria.cat\/web\/wp-json\/wp\/v2\/users\/8"}],"replies":[{"embeddable":true,"href":"https:\/\/raimat.paeria.cat\/web\/wp-json\/wp\/v2\/comments?post=2258"}],"version-history":[{"count":0,"href":"https:\/\/raimat.paeria.cat\/web\/wp-json\/wp\/v2\/posts\/2258\/revisions"}],"wp:featuredmedia":[{"embeddable":true,"href":"https:\/\/raimat.paeria.cat\/web\/wp-json\/wp\/v2\/media\/2259"}],"wp:attachment":[{"href":"https:\/\/raimat.paeria.cat\/web\/wp-json\/wp\/v2\/media?parent=2258"}],"wp:term":[{"taxonomy":"category","embeddable":true,"href":"https:\/\/raimat.paeria.cat\/web\/wp-json\/wp\/v2\/categories?post=2258"},{"taxonomy":"post_tag","embeddable":true,"href":"https:\/\/raimat.paeria.cat\/web\/wp-json\/wp\/v2\/tags?post=2258"}],"curies":[{"name":"wp","href":"https:\/\/api.w.org\/{rel}","templated":true}]}}